{"id":291368,"date":"2015-07-06T17:46:21","date_gmt":"2015-07-06T22:46:21","guid":{"rendered":"http:\/\/futboltotal.com.mx\/?p=291368"},"modified":"2015-07-06T17:51:23","modified_gmt":"2015-07-06T22:51:23","slug":"quienes-se-llevaran-a-las-decepciones-de-la-liga-mx","status":"publish","type":"post","link":"http:\/\/desarrollo.grupomedios.com\/futbol\/futbol-mexicano\/quienes-se-llevaran-a-las-decepciones-de-la-liga-mx\/2015\/07","title":{"rendered":"\u00bfQui\u00e9nes se llevar\u00e1n a las decepciones de la Liga MX?"},"content":{"rendered":"<p>Llegaron con un nivel supuestamente superior al del futbolista mexicano, no obstante, estos extranjeros terminaron por decepcionar a sus equipos, directivas y aficionados; y por ello no solo se cerraron las puertas en sus escuadras, sino que tambi\u00e9n lo hicieron en toda la <a href=\"http:\/\/futboltotal.com.mx\/futbol-mexicano\/\" target=\"_blank\"><strong>Liga MX<\/strong><\/a>. Ante este panorama buscan suerte fuera de M\u00e9xico.<\/p>\n<p><strong>Jonathan Ramis (Pumas)<\/strong> | El uruguayo lleg\u00f3 con mote de trotamundos al sumar ocho equipos en seis a\u00f1os, aunque buscaba regularidad no logr\u00f3 consolidarse en la UNAM y por ello apareci\u00f3 en la lista de transferibles, sin embargo, de momento sigue con un futuro incierto pues su antiguo equipo Liga de Quito lo quiere de regreso, pero su presupuesto complica las negociaciones.<\/p>\n<p><strong>Carlos Lizarazo (Cruz Azul)<\/strong> | Nunca logr\u00f3 debutar consecuencia de las lesiones, por ello el mediocampista se perfila como un posible fichaje del Club Juniors de Barranquilla, aunque el t\u00e9cnico de dicha escuadra afirm\u00f3 que \u00e9l no pidi\u00f3 al joven colombiano. Aunque solo faltar\u00eda una firma para que se haga oficial el fichaje.<\/p>\n<div id=\"attachment_269744\" style=\"width: 510px\" class=\"wp-caption alignnone\"><a href=\"http:\/\/futboltotal.com.mx\/wp-content\/uploads\/2015\/04\/carlos-lizarazo-cruz-azul-sigue-sini-debutar.jpg\"><img aria-describedby=\"caption-attachment-269744\" decoding=\"async\" loading=\"lazy\" class=\"wp-image-269744\" src=\"http:\/\/futboltotal.com.mx\/wp-content\/uploads\/2015\/04\/carlos-lizarazo-cruz-azul-sigue-sini-debutar.jpg\" alt=\"carlos-lizarazo-cruz-azul-sigue-sini-debutar\" srcset=\"http:\/\/desarrollo.grupomedios.com\/futbol\/wp-content\/uploads\/2015\/04\/carlos-lizarazo-cruz-azul-sigue-sini-debutar.jpg 650w, http:\/\/desarrollo.grupomedios.com\/futbol\/wp-content\/uploads\/2015\/04\/carlos-lizarazo-cruz-azul-sigue-sini-debutar-132x88.jpg 132w, http:\/\/desarrollo.grupomedios.com\/futbol\/wp-content\/uploads\/2015\/04\/carlos-lizarazo-cruz-azul-sigue-sini-debutar-95x63.jpg 95w, http:\/\/desarrollo.grupomedios.com\/futbol\/wp-content\/uploads\/2015\/04\/carlos-lizarazo-cruz-azul-sigue-sini-debutar-182x122.jpg 182w, http:\/\/desarrollo.grupomedios.com\/futbol\/wp-content\/uploads\/2015\/04\/carlos-lizarazo-cruz-azul-sigue-sini-debutar-205x136.jpg 205w, http:\/\/desarrollo.grupomedios.com\/futbol\/wp-content\/uploads\/2015\/04\/carlos-lizarazo-cruz-azul-sigue-sini-debutar-420x280.jpg 420w\" sizes=\"(max-width: 500px) 100vw, 500px\" \/><\/a><p id=\"caption-attachment-269744\" class=\"wp-caption-text\">Los aficionados siempre se preguntar\u00e1n que habr\u00eda hecho Lizarazo en la M\u00e1quina. (Foto: Imago7).<\/p><\/div>\n<p><strong>Alexander Mejia (Monterrey)<\/strong> | Mientras su compa\u00f1ero Yimmi Char\u00e1 se fue al Atl\u00e9tico Nacional de Colombia, el mediocampista sigue sin encontrar acomodo, pero su futuro estar\u00eda en el Independiente de Santa Fe.<\/p>\n<div id=\"attachment_260952\" style=\"width: 510px\" class=\"wp-caption alignnone\"><a href=\"http:\/\/futboltotal.com.mx\/wp-content\/uploads\/2015\/02\/alexander-mejia-arrestan-a-su-padre-por-homicidio.jpg\"><img aria-describedby=\"caption-attachment-260952\" decoding=\"async\" loading=\"lazy\" class=\"wp-image-260952\" src=\"http:\/\/futboltotal.com.mx\/wp-content\/uploads\/2015\/02\/alexander-mejia-arrestan-a-su-padre-por-homicidio.jpg\" alt=\"alexander-mejia-arrestan-a-su-padre-por-homicidio\" srcset=\"http:\/\/desarrollo.grupomedios.com\/futbol\/wp-content\/uploads\/2015\/02\/alexander-mejia-arrestan-a-su-padre-por-homicidio.jpg 650w, http:\/\/desarrollo.grupomedios.com\/futbol\/wp-content\/uploads\/2015\/02\/alexander-mejia-arrestan-a-su-padre-por-homicidio-132x88.jpg 132w, http:\/\/desarrollo.grupomedios.com\/futbol\/wp-content\/uploads\/2015\/02\/alexander-mejia-arrestan-a-su-padre-por-homicidio-95x63.jpg 95w, http:\/\/desarrollo.grupomedios.com\/futbol\/wp-content\/uploads\/2015\/02\/alexander-mejia-arrestan-a-su-padre-por-homicidio-182x122.jpg 182w, http:\/\/desarrollo.grupomedios.com\/futbol\/wp-content\/uploads\/2015\/02\/alexander-mejia-arrestan-a-su-padre-por-homicidio-205x136.jpg 205w, http:\/\/desarrollo.grupomedios.com\/futbol\/wp-content\/uploads\/2015\/02\/alexander-mejia-arrestan-a-su-padre-por-homicidio-420x280.jpg 420w\" sizes=\"(max-width: 500px) 100vw, 500px\" \/><\/a><p id=\"caption-attachment-260952\" class=\"wp-caption-text\">Alexander Mej\u00eda se fue por la puerta de atr\u00e1s de los regios. (Foto: Imago7)<\/p><\/div>\n<p><strong>V\u00edctor Hugo Monta\u00f1o (Toluca)<\/strong> | De nada sirvi\u00f3 su experiencia en el futbol franc\u00e9s, porque el delantero no termin\u00f3 por convencer con los <em>Diablos Rojos<\/em>, ante este panorama, buscar\u00eda moverse al Independiente de Medell\u00edn.<\/p>\n<p><strong>Alemao (Cruz Azul)<\/strong> | La \u00fanica excepci\u00f3n. Pese a que se gan\u00f3 el cari\u00f1\u00f3 y respecto de la afici\u00f3n <em>cementera<\/em>, fue la directiva la que le cerr\u00f3 las puertas al brasile\u00f1o, quien de momento no tiene ofertas, pero anhela regresar a su pa\u00eds.<\/p>\n<p>\u00bfEsta ser\u00e1 la \u00faltima vez que se vea a estos extranjeros? \u00bfO regresar\u00e1n en los pr\u00f3ximos a\u00f1os? \u00bfA qui\u00e9n le dar\u00edas una segunda oportunidad, <em>crack<\/em>?<\/p>\n","protected":false},"excerpt":{"rendered":"<p>Estos for\u00e1neos quedaron en la papelera de reciclaje <\/p>\n","protected":false},"author":20,"featured_media":291374,"comment_status":"open","ping_status":"open","sticky":false,"template":"","format":"standard","meta":[],"categories":[2198,3845],"tags":[5433,64],"_links":{"self":[{"href":"http:\/\/desarrollo.grupomedios.com\/futbol\/wp-json\/wp\/v2\/posts\/291368"}],"collection":[{"href":"http:\/\/desarrollo.grupomedios.com\/futbol\/wp-json\/wp\/v2\/posts"}],"about":[{"href":"http:\/\/desarrollo.grupomedios.com\/futbol\/wp-json\/wp\/v2\/types\/post"}],"author":[{"embeddable":true,"href":"http:\/\/desarrollo.grupomedios.com\/futbol\/wp-json\/wp\/v2\/users\/20"}],"replies":[{"embeddable":true,"href":"http:\/\/desarrollo.grupomedios.com\/futbol\/wp-json\/wp\/v2\/comments?post=291368"}],"version-history":[{"count":0,"href":"http:\/\/desarrollo.grupomedios.com\/futbol\/wp-json\/wp\/v2\/posts\/291368\/revisions"}],"wp:featuredmedia":[{"embeddable":true,"href":"http:\/\/desarrollo.grupomedios.com\/futbol\/wp-json\/wp\/v2\/media\/291374"}],"wp:attachment":[{"href":"http:\/\/desarrollo.grupomedios.com\/futbol\/wp-json\/wp\/v2\/media?parent=291368"}],"wp:term":[{"taxonomy":"category","embeddable":true,"href":"http:\/\/desarrollo.grupomedios.com\/futbol\/wp-json\/wp\/v2\/categories?post=291368"},{"taxonomy":"post_tag","embeddable":true,"href":"http:\/\/desarrollo.grupomedios.com\/futbol\/wp-json\/wp\/v2\/tags?post=291368"}],"curies":[{"name":"wp","href":"https:\/\/api.w.org\/{rel}","templated":true}]}}