{"id":291612,"date":"2015-07-07T18:12:52","date_gmt":"2015-07-07T23:12:52","guid":{"rendered":"http:\/\/futboltotal.com.mx\/?p=291612"},"modified":"2015-07-07T18:12:52","modified_gmt":"2015-07-07T23:12:52","slug":"ikechukwu-uche-se-resiente-de-su-lesion","status":"publish","type":"post","link":"http:\/\/desarrollo.grupomedios.com\/futbol\/futbol-mexicano\/ikechukwu-uche-se-resiente-de-su-lesion\/2015\/07","title":{"rendered":"Ikechukwu Uche se resiente de su lesi\u00f3n"},"content":{"rendered":"<p>El delantero nigeriano <strong>Ikechukwu Uche<\/strong> comenz\u00f3 con el pie izquierdo su traves\u00eda con <a href=\"http:\/\/futboltotal.com.mx\/equipos\/tigres\/\" target=\"_blank\"><strong>Tigres<\/strong><\/a>, pues lleg\u00f3 con una lesi\u00f3n que lo margin\u00f3 en el inicio de la pretemporada. Luego de d\u00edas de rehabilitaci\u00f3n el ariete se integr\u00f3 al resto del equipo, pero poco le dur\u00f3 el gust\u00f3 pues volvi\u00f3 a presentar molestias f\u00edsicas.<\/p>\n<p>Desde su arribo, el africano ten\u00eda una lesi\u00f3n en la rodilla izquierda, por lo que se mantuvo al margen de la actividad <em>felina<\/em>.<\/p>\n<p>Previo a los ex\u00e1menes m\u00e9dicos se desconoce si <strong>Ikechukwu Uche<\/strong> estar\u00e1 listo para el arranque del Apertura 2015, adem\u00e1s podr\u00eda perderse la Ida de Semifinales de la Copa Libertadores contra Porto Alegre el 15 de julio.<\/p>\n<p>Los inconvenientes podr\u00edan ser consecuencia de la rotura de ligamento que sufri\u00f3 en 2009, mientras jugaba con Zaragoza, y que le caus\u00f3 da\u00f1os en torneos posteriores.<\/p>\n<p>Aunque <strong>Tigres<\/strong> presume una delantera de miedo todav\u00eda tiene en mente reforzar dicha l\u00ednea, para ello se har\u00eda con <a href=\"http:\/\/futboltotal.com.mx\/2015\/07\/tigres-va-por-delantero-peruano\/\" target=\"_blank\">la joya peruana, Christian Cueva<\/a>.<\/p>\n","protected":false},"excerpt":{"rendered":"<p>El nigeriano podr\u00eda perderse la Libertadores <\/p>\n","protected":false},"author":20,"featured_media":291613,"comment_status":"open","ping_status":"open","sticky":false,"template":"","format":"standard","meta":[],"categories":[2198,3845],"tags":[5575,5973],"_links":{"self":[{"href":"http:\/\/desarrollo.grupomedios.com\/futbol\/wp-json\/wp\/v2\/posts\/291612"}],"collection":[{"href":"http:\/\/desarrollo.grupomedios.com\/futbol\/wp-json\/wp\/v2\/posts"}],"about":[{"href":"http:\/\/desarrollo.grupomedios.com\/futbol\/wp-json\/wp\/v2\/types\/post"}],"author":[{"embeddable":true,"href":"http:\/\/desarrollo.grupomedios.com\/futbol\/wp-json\/wp\/v2\/users\/20"}],"replies":[{"embeddable":true,"href":"http:\/\/desarrollo.grupomedios.com\/futbol\/wp-json\/wp\/v2\/comments?post=291612"}],"version-history":[{"count":0,"href":"http:\/\/desarrollo.grupomedios.com\/futbol\/wp-json\/wp\/v2\/posts\/291612\/revisions"}],"wp:featuredmedia":[{"embeddable":true,"href":"http:\/\/desarrollo.grupomedios.com\/futbol\/wp-json\/wp\/v2\/media\/291613"}],"wp:attachment":[{"href":"http:\/\/desarrollo.grupomedios.com\/futbol\/wp-json\/wp\/v2\/media?parent=291612"}],"wp:term":[{"taxonomy":"category","embeddable":true,"href":"http:\/\/desarrollo.grupomedios.com\/futbol\/wp-json\/wp\/v2\/categories?post=291612"},{"taxonomy":"post_tag","embeddable":true,"href":"http:\/\/desarrollo.grupomedios.com\/futbol\/wp-json\/wp\/v2\/tags?post=291612"}],"curies":[{"name":"wp","href":"https:\/\/api.w.org\/{rel}","templated":true}]}}