{"id":291941,"date":"2015-07-09T13:14:53","date_gmt":"2015-07-09T18:14:53","guid":{"rendered":"http:\/\/futboltotal.com.mx\/?p=291941"},"modified":"2015-07-09T16:40:41","modified_gmt":"2015-07-09T21:40:41","slug":"abrazo-en-el-reencuentro-de-ramos-y-florentino","status":"publish","type":"post","link":"http:\/\/desarrollo.grupomedios.com\/futbol\/futbol-internacional\/liga-de-espana\/abrazo-en-el-reencuentro-de-ramos-y-florentino\/2015\/07","title":{"rendered":"Abrazo en el reencuentro de Ramos y Florentino"},"content":{"rendered":"<p>Los futbolistas del Real Madrid regresaron de sus vacaciones y se alistan para el inicio del curso 2015-2016. En lo que signific\u00f3 el primer d\u00eda de la pretemporada, una de las cosas que llam\u00f3 m\u00e1s la atenci\u00f3n en esta serie de reeencuentros fue el afectuoso abrazo entre Sergio Ramos y Florentino P\u00e9rez, el cual fue publicado en la p\u00e1gina web del club. <\/p>\n<p>Calmando los rumores sobre su mala relaci\u00f3n fueron captados el h\u00e9roe de la D\u00e9cima y el Presidente de la instituci\u00f3n blanca, en una postal que quedara para el recuerdo ante los constantes rumores de una salida de Sergio Ramos con rumbo al Manchester United. <\/p>\n<p>Ramos tiene contrato hasta junio de 2017, pero las dificultades para llevar a buen puerto su renovaci\u00f3n provocaron una ola de rumores sobre una posible salida, sobre todo ante la oferta de los <em>Red Devils<\/em> de 90 millones de euros, que convertir\u00edan al central de Camas en el central m\u00e1s caro de la historia. <\/p>\n<p>En otro de los temas candentes, Iker Casillas acudi\u00f3 a Valdebebas para cerrar algunas instancias que no permitar finiquitar su acuerdo con el Porto. <\/p>\n","protected":false},"excerpt":{"rendered":"<p>Ante los rumores de salida, el h\u00e9roe de la D\u00e9cima y el Presidente posan para el recuerdo <\/p>\n","protected":false},"author":20,"featured_media":291942,"comment_status":"open","ping_status":"open","sticky":false,"template":"","format":"standard","meta":[],"categories":[3844],"tags":[491,5988,6020],"_links":{"self":[{"href":"http:\/\/desarrollo.grupomedios.com\/futbol\/wp-json\/wp\/v2\/posts\/291941"}],"collection":[{"href":"http:\/\/desarrollo.grupomedios.com\/futbol\/wp-json\/wp\/v2\/posts"}],"about":[{"href":"http:\/\/desarrollo.grupomedios.com\/futbol\/wp-json\/wp\/v2\/types\/post"}],"author":[{"embeddable":true,"href":"http:\/\/desarrollo.grupomedios.com\/futbol\/wp-json\/wp\/v2\/users\/20"}],"replies":[{"embeddable":true,"href":"http:\/\/desarrollo.grupomedios.com\/futbol\/wp-json\/wp\/v2\/comments?post=291941"}],"version-history":[{"count":0,"href":"http:\/\/desarrollo.grupomedios.com\/futbol\/wp-json\/wp\/v2\/posts\/291941\/revisions"}],"wp:featuredmedia":[{"embeddable":true,"href":"http:\/\/desarrollo.grupomedios.com\/futbol\/wp-json\/wp\/v2\/media\/291942"}],"wp:attachment":[{"href":"http:\/\/desarrollo.grupomedios.com\/futbol\/wp-json\/wp\/v2\/media?parent=291941"}],"wp:term":[{"taxonomy":"category","embeddable":true,"href":"http:\/\/desarrollo.grupomedios.com\/futbol\/wp-json\/wp\/v2\/categories?post=291941"},{"taxonomy":"post_tag","embeddable":true,"href":"http:\/\/desarrollo.grupomedios.com\/futbol\/wp-json\/wp\/v2\/tags?post=291941"}],"curies":[{"name":"wp","href":"https:\/\/api.w.org\/{rel}","templated":true}]}}