{"id":291953,"date":"2015-07-09T16:57:38","date_gmt":"2015-07-09T21:57:38","guid":{"rendered":"http:\/\/futboltotal.com.mx\/?p=291953"},"modified":"2015-07-09T16:58:05","modified_gmt":"2015-07-09T21:58:05","slug":"camaras-delatan-a-joao-rojas","status":"publish","type":"post","link":"http:\/\/desarrollo.grupomedios.com\/futbol\/videos\/camaras-delatan-a-joao-rojas\/2015\/07","title":{"rendered":"C\u00e1maras delatan a Joao Rojas"},"content":{"rendered":"<p><strong>Cruz Azul<\/strong> derrot\u00f3 2-1 a Xolos en duelo de preparaci\u00f3n de cara al Apertura 2015 de la <strong>Liga MX.<\/strong> En este partido <strong>Joao Rojas,<\/strong> naturalizado mexicano, vivi\u00f3 uno de los mayores <em>osos<\/em> de su vida.<\/p>\n<p>Cuando se realizaba la ceremonia previa al inicio del encuentro las c\u00e1maras se fueron con <strong>Joao Rojas,<\/strong> el problema fue que en ese justo momento el nacido en Ecuador se estaba hurgando la nariz.<\/p>\n<p>Al darse cuenta que apareci\u00f3 en las pantallas, <strong>Rojas<\/strong> no tuvo de otra m\u00e1s que re\u00edrse de su acci\u00f3n, lo que tambi\u00e9n sucedi\u00f3 con el ni\u00f1o que lo acompa\u00f1aba en la ceremonia.<\/p>\n<p><em>Cracks<\/em>, \u00bfA qui\u00e9nes los han encontrado as\u00ed?<\/p>\n<p><iframe loading=\"lazy\" src=\"https:\/\/vine.co\/v\/enYMTvPuTu7\/embed\/simple\" frameborder=\"0\"><\/iframe><script src=\"https:\/\/platform.vine.co\/static\/scripts\/embed.js\"><\/script><\/p>\n","protected":false},"excerpt":{"rendered":"<p>Un piquete de nariz provoc\u00f3 la pena del nuevo mexicano  <\/p>\n","protected":false},"author":20,"featured_media":291959,"comment_status":"open","ping_status":"open","sticky":false,"template":"","format":"standard","meta":[],"categories":[2198,4],"tags":[5962,434],"_links":{"self":[{"href":"http:\/\/desarrollo.grupomedios.com\/futbol\/wp-json\/wp\/v2\/posts\/291953"}],"collection":[{"href":"http:\/\/desarrollo.grupomedios.com\/futbol\/wp-json\/wp\/v2\/posts"}],"about":[{"href":"http:\/\/desarrollo.grupomedios.com\/futbol\/wp-json\/wp\/v2\/types\/post"}],"author":[{"embeddable":true,"href":"http:\/\/desarrollo.grupomedios.com\/futbol\/wp-json\/wp\/v2\/users\/20"}],"replies":[{"embeddable":true,"href":"http:\/\/desarrollo.grupomedios.com\/futbol\/wp-json\/wp\/v2\/comments?post=291953"}],"version-history":[{"count":0,"href":"http:\/\/desarrollo.grupomedios.com\/futbol\/wp-json\/wp\/v2\/posts\/291953\/revisions"}],"wp:featuredmedia":[{"embeddable":true,"href":"http:\/\/desarrollo.grupomedios.com\/futbol\/wp-json\/wp\/v2\/media\/291959"}],"wp:attachment":[{"href":"http:\/\/desarrollo.grupomedios.com\/futbol\/wp-json\/wp\/v2\/media?parent=291953"}],"wp:term":[{"taxonomy":"category","embeddable":true,"href":"http:\/\/desarrollo.grupomedios.com\/futbol\/wp-json\/wp\/v2\/categories?post=291953"},{"taxonomy":"post_tag","embeddable":true,"href":"http:\/\/desarrollo.grupomedios.com\/futbol\/wp-json\/wp\/v2\/tags?post=291953"}],"curies":[{"name":"wp","href":"https:\/\/api.w.org\/{rel}","templated":true}]}}