{"id":291972,"date":"2015-07-09T23:27:56","date_gmt":"2015-07-10T04:27:56","guid":{"rendered":"http:\/\/futboltotal.com.mx\/?p=291972"},"modified":"2015-07-10T08:29:50","modified_gmt":"2015-07-10T13:29:50","slug":"niegan-interes-del-sevilla-por-chicharito","status":"publish","type":"post","link":"http:\/\/desarrollo.grupomedios.com\/futbol\/destacado-home\/niegan-interes-del-sevilla-por-chicharito\/2015\/07","title":{"rendered":"Sevilla s\u00ed tiene en la lista de opciones a Chicharito"},"content":{"rendered":"<p>Aunque el t\u00e9cnico del <strong>Sevilla<\/strong>, Unai Emery, acept\u00f3 que el mexicano <strong><em>Chicharito<\/em> Hern\u00e1ndez<\/strong> <a href=\"http:\/\/futboltotal.com.mx\/2015\/07\/chicharito-es-pretendido-por-emery-para-sevilla\/\" target=\"_blank\">es un jugador que le llena el ojo<\/a>; el director deportivo del club, Ram\u00f3n Rodr\u00edguez, descart\u00f3 que busquen hacerse con los servicios del delantero como primera opci\u00f3n.<\/p>\n<p>&#8220;Unai hablaba de muchos delanteros y si sacamos una lista, seguro que saldr\u00eda <strong><em>Chicharito<\/em><\/strong>. Buscamos los mejores para nuestras posibilidades. Hab\u00eda una lista inicial con distintas posibilidades, pero muchos delanteros de esa lista se han ca\u00eddo por diferentes motivos\u201d, asever\u00f3 el dirigente durante la presentaci\u00f3n del refuerzo del equipo, Steven N\u2019Zonzi.<\/p>\n<p>Este jueves, el estratega del <strong>Sevilla<\/strong> concedi\u00f3 una entrevista al diario italiano, <em>Corriere dello Sport<\/em>, en la que se\u00f1al\u00f3 que quer\u00eda contar con <em>CH14<\/em> entre sus filas, adem\u00e1s esto servir\u00eda para ocupar el hueco que dej\u00f3 el colombiano Carlos Bacca, quien firm\u00f3 con Milan.<\/p>\n<p>Luego de terminar su a\u00f1o de pr\u00e9stamo con Real Madrid, <strong><em>Chicharito<\/em><\/strong> regres\u00f3 con Manchester United, sin embargo, tampoco entra en los planes de los <em>Reds<\/em> <em>Devils<\/em> por ello busca acomodo en otra escuadra en las que suenan Liverpool, Orlando City, Inter y Juventus.<\/p>\n<p>Actualmente, el ariete se encuentra en rehabilitaci\u00f3n consecuencia de una lesi\u00f3n en el hombro que lo margin\u00f3 de la Selecci\u00f3n Mexicana que participa en la Copa Oro.<\/p>\n","protected":false},"excerpt":{"rendered":"<p>&#8220;Buscamos los mejores para nuestras posibilidades&#8221;, afirm\u00f3 el director deportivo del club<\/p>\n","protected":false},"author":20,"featured_media":291973,"comment_status":"open","ping_status":"open","sticky":false,"template":"","format":"standard","meta":[],"categories":[5,3839,3844],"tags":[120,49],"_links":{"self":[{"href":"http:\/\/desarrollo.grupomedios.com\/futbol\/wp-json\/wp\/v2\/posts\/291972"}],"collection":[{"href":"http:\/\/desarrollo.grupomedios.com\/futbol\/wp-json\/wp\/v2\/posts"}],"about":[{"href":"http:\/\/desarrollo.grupomedios.com\/futbol\/wp-json\/wp\/v2\/types\/post"}],"author":[{"embeddable":true,"href":"http:\/\/desarrollo.grupomedios.com\/futbol\/wp-json\/wp\/v2\/users\/20"}],"replies":[{"embeddable":true,"href":"http:\/\/desarrollo.grupomedios.com\/futbol\/wp-json\/wp\/v2\/comments?post=291972"}],"version-history":[{"count":0,"href":"http:\/\/desarrollo.grupomedios.com\/futbol\/wp-json\/wp\/v2\/posts\/291972\/revisions"}],"wp:featuredmedia":[{"embeddable":true,"href":"http:\/\/desarrollo.grupomedios.com\/futbol\/wp-json\/wp\/v2\/media\/291973"}],"wp:attachment":[{"href":"http:\/\/desarrollo.grupomedios.com\/futbol\/wp-json\/wp\/v2\/media?parent=291972"}],"wp:term":[{"taxonomy":"category","embeddable":true,"href":"http:\/\/desarrollo.grupomedios.com\/futbol\/wp-json\/wp\/v2\/categories?post=291972"},{"taxonomy":"post_tag","embeddable":true,"href":"http:\/\/desarrollo.grupomedios.com\/futbol\/wp-json\/wp\/v2\/tags?post=291972"}],"curies":[{"name":"wp","href":"https:\/\/api.w.org\/{rel}","templated":true}]}}