{"id":292063,"date":"2015-07-10T07:44:23","date_gmt":"2015-07-10T12:44:23","guid":{"rendered":"http:\/\/futboltotal.com.mx\/?p=292063"},"modified":"2015-07-10T07:59:56","modified_gmt":"2015-07-10T12:59:56","slug":"arda-turan-fue-presentado-con-el-barcelona","status":"publish","type":"post","link":"http:\/\/desarrollo.grupomedios.com\/futbol\/destacado-home\/arda-turan-fue-presentado-con-el-barcelona\/2015\/07","title":{"rendered":"Arda Turan fue presentado con el Barcelona"},"content":{"rendered":"<p>Lo \u00fanico seguro es que Arda Turan se quedar\u00e1 sin jugar futbol por los pr\u00f3ximos seis meses, pero eso para \u00e9l no importa &#8220;pues jugar\u00e1 en el club donde siempre quiso estar&#8221;. El mediocampista turco fue presentado este viernes con el conjunto azulgrana en una operaci\u00f3n finiquitada por 34 millones de euros y que podr\u00eda ascender hasta 41, dependiendo del cumplimiento de metas en el que ser\u00e1 su nuevo rol como <em>cul\u00e9<\/em>.<\/p>\n<p>Antes de comenzar a rendirse en elogios para el Barcelona, Arda Turan record\u00f3 los buenos momentos que pas\u00f3 en el Atl\u00e9tico de Madrid y no dej\u00f3 pasar la oportunidad de agradecer todo lo vivido. Pero lleg\u00f3 el momento esperado y el turco no ocult\u00f3 jam\u00e1s su felicidad. &#8220;Quien me conoce sabe que siempre he querido jugar en el <em>Bar\u00e7a<\/em>, desde ni\u00f1o. Sabemos que es m\u00e1s que un club, estoy donde he querido estar toda mi vida&#8221;, acot\u00f3. &#8220;En cuanto tuve la oportunidad de vestir la camiseta del Bar\u00e7a rechac\u00e9 todas las dem\u00e1s&#8221;, a\u00f1adi\u00f3. <\/p>\n<p>Arda podr\u00e1 jugar hasta que se inaugure el pr\u00f3ximo periodo de transferencias por la sanci\u00f3n que acarrea el <strong>Barcelona<\/strong>, y aunque reconoce que ser\u00e1 dif\u00edcil, no quer\u00eda dejar pasar la oportunidad de su vida. <\/p>\n<p>&#8220;Estar sin jugar seis meses ser\u00e1 dif\u00edcil, pero voy a trabajar para estar listo cuando llegue el momento&#8221;.<\/p>\n<p>Un tema en el que quiz\u00e1s discierna la opini\u00f3n de Arda Turan con la de otros fan\u00e1ticos al futbol en el mundo es el de su \u00eddolo, al indicar que es Iniesta, aunque aclara que Messi s\u00ed es el mejor del mundo. <\/p>\n<p>&#8220;Es el mejor del mundo, Cristiano Ronaldo es bueno, pero nunca ser\u00e1 como Messi&#8221;. <\/p>\n<p><iframe loading=\"lazy\" src=\"https:\/\/www.youtube.com\/embed\/r1OIPdYfQEs\" frameborder=\"0\" allowfullscreen><\/iframe><\/p>\n","protected":false},"excerpt":{"rendered":"<p>El mediocampista asever\u00f3 que lleg\u00f3 al club donde siempre quiso estar<\/p>\n","protected":false},"author":20,"featured_media":292066,"comment_status":"open","ping_status":"open","sticky":false,"template":"","format":"standard","meta":[],"categories":[5,3839,3844],"tags":[6055,5984],"_links":{"self":[{"href":"http:\/\/desarrollo.grupomedios.com\/futbol\/wp-json\/wp\/v2\/posts\/292063"}],"collection":[{"href":"http:\/\/desarrollo.grupomedios.com\/futbol\/wp-json\/wp\/v2\/posts"}],"about":[{"href":"http:\/\/desarrollo.grupomedios.com\/futbol\/wp-json\/wp\/v2\/types\/post"}],"author":[{"embeddable":true,"href":"http:\/\/desarrollo.grupomedios.com\/futbol\/wp-json\/wp\/v2\/users\/20"}],"replies":[{"embeddable":true,"href":"http:\/\/desarrollo.grupomedios.com\/futbol\/wp-json\/wp\/v2\/comments?post=292063"}],"version-history":[{"count":0,"href":"http:\/\/desarrollo.grupomedios.com\/futbol\/wp-json\/wp\/v2\/posts\/292063\/revisions"}],"wp:featuredmedia":[{"embeddable":true,"href":"http:\/\/desarrollo.grupomedios.com\/futbol\/wp-json\/wp\/v2\/media\/292066"}],"wp:attachment":[{"href":"http:\/\/desarrollo.grupomedios.com\/futbol\/wp-json\/wp\/v2\/media?parent=292063"}],"wp:term":[{"taxonomy":"category","embeddable":true,"href":"http:\/\/desarrollo.grupomedios.com\/futbol\/wp-json\/wp\/v2\/categories?post=292063"},{"taxonomy":"post_tag","embeddable":true,"href":"http:\/\/desarrollo.grupomedios.com\/futbol\/wp-json\/wp\/v2\/tags?post=292063"}],"curies":[{"name":"wp","href":"https:\/\/api.w.org\/{rel}","templated":true}]}}