{"id":292089,"date":"2015-07-10T09:37:05","date_gmt":"2015-07-10T14:37:05","guid":{"rendered":"http:\/\/futboltotal.com.mx\/?p=292089"},"modified":"2015-07-10T09:41:33","modified_gmt":"2015-07-10T14:41:33","slug":"entrenador-de-malaga-desmiente-a-memo-ochoa","status":"publish","type":"post","link":"http:\/\/desarrollo.grupomedios.com\/futbol\/futbol-mexicano\/entrenador-de-malaga-desmiente-a-memo-ochoa\/2015\/07","title":{"rendered":"Entrenador de M\u00e1laga desmiente a Memo Ochoa"},"content":{"rendered":"<p>Las palabras de <strong>Memo Ochoa<\/strong>, arquero titular de la Selecci\u00f3n Nacional en la Copa Oro, resonaron por M\u00e9xico y el mundo cuando hace algunas semanas se abri\u00f3 a platicar sobre lo sucedido en <strong>M\u00e1laga<\/strong>.<\/p>\n<p>El arquero, quien cumple 30 a\u00f1os de edad el 13 de julio, no apareci\u00f3 en un s\u00f3lo partido de La Liga, siendo relegado solamente a los duelos de Copa del Rey con el equipo <em>blanquiazul<\/em>. Ante esta situaci\u00f3n, el exportero del <strong>Ajaccio<\/strong> acus\u00f3 a la directiva del M\u00e1laga de faltar a sus promesas, ya que se implicaba que Memo Ochoa tendr\u00eda la oportunidad de ser titular con el equipo espa\u00f1ol.<\/p>\n<p>Este jueves, el director t\u00e9cnico del M\u00e1laga,<strong> Javi Gracia<\/strong>, revir\u00f3 y desminti\u00f3 a Memo Ochoa, diciendo que el mexicano lo caracteriz\u00f3 de forma incorrecta. &#8220;Yo no promet\u00ed a nada, ni a \u00e9l ni a nadie,&#8221; dijo Gracia al programa espa\u00f1ol <em>Al Primer Toque<\/em>.<\/p>\n<p>Incluso, en el reporte emitido por el diario <em>M\u00e1laga Hoy<\/em>, se habla de la inminente salida de Memo Ochoa del club ya que Gracia est\u00e1 &#8220;bastante cansado de la presencia de Ochoa en el vestuario&#8221; por los comentarios hechos en toda la temporada, donde hasta Miguel Herrera, director t\u00e9cnico de la Selecci\u00f3n Mexicana, habl\u00f3 de su preferencia por Memo Ochoa sobre el arquero titular del M\u00e1laga, Carlos Kameni.<\/p>\n<p>De momento, la oferta m\u00e1s sonada por Memo Ochoa <strong><a href=\"http:\/\/futboltotal.com.mx\/2015\/07\/memo-ochoa-podria-volver-a-francia\/\" target=\"_blank\">es la de Toulouse<\/a><\/strong>, en la Ligue 1, donde ya pas\u00f3 varias temporadas antes de pasar al M\u00e1laga.<\/p>\n","protected":false},"excerpt":{"rendered":"<p>Se asegura en Espa\u00f1a que la directiva de M\u00e1laga quiere a Ochoa fuera<\/p>\n","protected":false},"author":20,"featured_media":292096,"comment_status":"open","ping_status":"open","sticky":false,"template":"","format":"standard","meta":[],"categories":[3839,2198,3844,3847],"tags":[4847,5991,306],"_links":{"self":[{"href":"http:\/\/desarrollo.grupomedios.com\/futbol\/wp-json\/wp\/v2\/posts\/292089"}],"collection":[{"href":"http:\/\/desarrollo.grupomedios.com\/futbol\/wp-json\/wp\/v2\/posts"}],"about":[{"href":"http:\/\/desarrollo.grupomedios.com\/futbol\/wp-json\/wp\/v2\/types\/post"}],"author":[{"embeddable":true,"href":"http:\/\/desarrollo.grupomedios.com\/futbol\/wp-json\/wp\/v2\/users\/20"}],"replies":[{"embeddable":true,"href":"http:\/\/desarrollo.grupomedios.com\/futbol\/wp-json\/wp\/v2\/comments?post=292089"}],"version-history":[{"count":0,"href":"http:\/\/desarrollo.grupomedios.com\/futbol\/wp-json\/wp\/v2\/posts\/292089\/revisions"}],"wp:featuredmedia":[{"embeddable":true,"href":"http:\/\/desarrollo.grupomedios.com\/futbol\/wp-json\/wp\/v2\/media\/292096"}],"wp:attachment":[{"href":"http:\/\/desarrollo.grupomedios.com\/futbol\/wp-json\/wp\/v2\/media?parent=292089"}],"wp:term":[{"taxonomy":"category","embeddable":true,"href":"http:\/\/desarrollo.grupomedios.com\/futbol\/wp-json\/wp\/v2\/categories?post=292089"},{"taxonomy":"post_tag","embeddable":true,"href":"http:\/\/desarrollo.grupomedios.com\/futbol\/wp-json\/wp\/v2\/tags?post=292089"}],"curies":[{"name":"wp","href":"https:\/\/api.w.org\/{rel}","templated":true}]}}