{"id":292177,"date":"2015-07-10T14:30:37","date_gmt":"2015-07-10T19:30:37","guid":{"rendered":"http:\/\/futboltotal.com.mx\/?p=292177"},"modified":"2015-07-10T14:30:53","modified_gmt":"2015-07-10T19:30:53","slug":"yannick-carrasco-refuerzo-del-atletico-de-madrid","status":"publish","type":"post","link":"http:\/\/desarrollo.grupomedios.com\/futbol\/futbol-internacional\/yannick-carrasco-refuerzo-del-atletico-de-madrid\/2015\/07","title":{"rendered":"Yannick Carrasco, refuerzo del Atl\u00e9tico de Madrid"},"content":{"rendered":"<p>El <strong>Atl\u00e9tico de Madrid<\/strong> y AS M\u00f3naco concretaron la transacci\u00f3n por el centrocampista belga <strong>Yannick Carrasco<\/strong>, quien estar\u00e1 con la plantilla hasta el a\u00f1o 2020 seg\u00fan el contrato. <\/p>\n<blockquote class=\"twitter-tweet\" lang=\"es\">\n<p lang=\"es\" dir=\"ltr\">Yannick firma por 5 temporadas. Atl\u00e9ticos, \u00a1vamos a darle la bienvenida! <a href=\"https:\/\/twitter.com\/hashtag\/BienvenidoCarrasco?src=hash\">#BienvenidoCarrasco<\/a> <a href=\"http:\/\/t.co\/UL2bqniNZ8\">http:\/\/t.co\/UL2bqniNZ8<\/a> <a href=\"http:\/\/t.co\/zBvwTDkwxs\">pic.twitter.com\/zBvwTDkwxs<\/a><\/p>\n<p>&mdash; Atl\u00e9tico de Madrid (@Atleti) <a href=\"https:\/\/twitter.com\/Atleti\/status\/619571004390543360\">julio 10, 2015<\/a><\/p><\/blockquote>\n<p><script async src=\"\/\/platform.twitter.com\/widgets.js\" charset=\"utf-8\"><\/script><\/p>\n<p>El internacional absoluto con la selecci\u00f3n de B\u00e9lgica es un joven valor del f\u00fatbol europeo que maneja bien los dos pies pero que se desenvuelve principalmente por la banda izquierda, aprovechando su velocidad, talento y su buena t\u00e9cnica con el bal\u00f3n para desbordar al rival.<\/p>\n<p>Jos\u00e9 Luis P\u00e9rez Caminero, director deportivo del club, cree que se trata de un gran refuerzo: &#8220;Estamos muy satisfechos por el acuerdo alcanzado con el M\u00f3naco, ya que Yannick es un jugador con una enorme proyecci\u00f3n y que tiene un futuro incre\u00edble. Es un futbolista con una gran velocidad, excelente en la conducci\u00f3n del bal\u00f3n y con un gran disparo. Contribuir\u00e1 perfectamente a nuestro objetivo de aumentar el nivel de nuestra plantilla y la competitividad del grupo. Estoy convencido de que nos va a aportar much\u00edsimo&#8221;, acot\u00f3 sobre la nueva compra del club. <\/p>\n<p>Yannick Carrasco sali\u00f3 de la cantera del Genk belga para fichar por el AS M\u00f3naco en 2010. En la pasada temporada, jug\u00f3 36 partidos de Liga (6 goles), 10 de Champions (1 gol), 4 de la Copa de Francia y 2 de la Copa de la Liga (1 gol).<\/p>\n","protected":false},"excerpt":{"rendered":"<p>Yannick Carrasco, refuerzo del Atl\u00e9tico de Madrid<\/p>\n","protected":false},"author":20,"featured_media":292183,"comment_status":"open","ping_status":"open","sticky":false,"template":"","format":"standard","meta":[],"categories":[3839,3844],"tags":[6007,5744],"_links":{"self":[{"href":"http:\/\/desarrollo.grupomedios.com\/futbol\/wp-json\/wp\/v2\/posts\/292177"}],"collection":[{"href":"http:\/\/desarrollo.grupomedios.com\/futbol\/wp-json\/wp\/v2\/posts"}],"about":[{"href":"http:\/\/desarrollo.grupomedios.com\/futbol\/wp-json\/wp\/v2\/types\/post"}],"author":[{"embeddable":true,"href":"http:\/\/desarrollo.grupomedios.com\/futbol\/wp-json\/wp\/v2\/users\/20"}],"replies":[{"embeddable":true,"href":"http:\/\/desarrollo.grupomedios.com\/futbol\/wp-json\/wp\/v2\/comments?post=292177"}],"version-history":[{"count":0,"href":"http:\/\/desarrollo.grupomedios.com\/futbol\/wp-json\/wp\/v2\/posts\/292177\/revisions"}],"wp:featuredmedia":[{"embeddable":true,"href":"http:\/\/desarrollo.grupomedios.com\/futbol\/wp-json\/wp\/v2\/media\/292183"}],"wp:attachment":[{"href":"http:\/\/desarrollo.grupomedios.com\/futbol\/wp-json\/wp\/v2\/media?parent=292177"}],"wp:term":[{"taxonomy":"category","embeddable":true,"href":"http:\/\/desarrollo.grupomedios.com\/futbol\/wp-json\/wp\/v2\/categories?post=292177"},{"taxonomy":"post_tag","embeddable":true,"href":"http:\/\/desarrollo.grupomedios.com\/futbol\/wp-json\/wp\/v2\/tags?post=292177"}],"curies":[{"name":"wp","href":"https:\/\/api.w.org\/{rel}","templated":true}]}}