{"id":292212,"date":"2015-07-10T17:12:32","date_gmt":"2015-07-10T22:12:32","guid":{"rendered":"http:\/\/futboltotal.com.mx\/?p=292212"},"modified":"2015-07-10T17:12:32","modified_gmt":"2015-07-10T22:12:32","slug":"charlyn-corral-jugara-en-espana","status":"publish","type":"post","link":"http:\/\/desarrollo.grupomedios.com\/futbol\/futbol-internacional\/charlyn-corral-jugara-en-espana\/2015\/07","title":{"rendered":"Charlyn Corral jugar\u00e1 en Espa\u00f1a"},"content":{"rendered":"<p>La delantera mexicana, <strong>Charlyn Corral<\/strong>, llegar\u00e1 en el futbol espa\u00f1ol, pues revel\u00f3 que ya firm\u00f3 contrato con el equipo femenil del Levante UD para la temporada 2015-16.<\/p>\n<p>&#8220;Ya fich\u00e9 con el Levante, estar\u00e9 jugando por all\u00e1 la pr\u00f3xima temporada&#8221;, revel\u00f3 la futbolista de la Selecci\u00f3n Mexicana, que ser\u00e1 baja del Tri para los Juegos Panamericanos de este a\u00f1o, pues por varicela queda rezagada del grupo.<\/p>\n<p><strong>Charlyn Corral<\/strong> a\u00fan no sabe en qu\u00e9 fecha partir\u00e1 a Espa\u00f1a, pero ya est\u00e1 lista para comenzar su carrera en Europa. El d\u00eda que viaje lo har\u00e1 saber a trav\u00e9s de sus redes sociales.<\/p>\n<p>La delantera mexicana tendr\u00e1 la oportunidad de hacer m\u00e1s grande su trayectoria como futbolista pues hasta ahora, <strong>Charlyn Corral<\/strong> ha participado en cinco Copas mundiales: tres de ellas en la categor\u00eda Sub-20, (2006,2008 y 2010), y dos con selecciones mayores, en Alemania 2011 y Canad\u00e1 2015; adem\u00e1s de ser seleccionada ol\u00edmpica en las categor\u00edas sub-12, sub-14 y sub-16.<\/p>\n<p>Charlyn no pudo ocultar su alegr\u00eda al respecto, pues a trav\u00e9s de las redes sociales difundi\u00f3 la noticia.<\/p>\n<blockquote class=\"twitter-tweet\" lang=\"es\">\n<p dir=\"ltr\" lang=\"es\">Quiero compartir con ustedes la alegr\u00eda que me da recibir la confianza de <a href=\"https:\/\/twitter.com\/LUD_Femenino\">@LUD_Femenino<\/a> Hoy se realiz\u00f3 mi sue\u00f1o de jugar en <a href=\"https:\/\/twitter.com\/hashtag\/Espa%C3%B1a?src=hash\">#Espa\u00f1a<\/a><\/p>\n<p>\u2014 Charlyn Corral (@CharlynCorral) <a href=\"https:\/\/twitter.com\/CharlynCorral\/status\/619586395758182400\">julio 10, 2015<\/a><\/p><\/blockquote>\n<p><script src=\"\/\/platform.twitter.com\/widgets.js\" async=\"\" charset=\"utf-8\"><\/script><\/p>\n<blockquote class=\"twitter-tweet\" lang=\"es\"><p>\nTomo este reto con mucha responsabilidad y emocionada de contribuir a la historia de <a href=\"https:\/\/twitter.com\/LUD_Femenino\">@LUD_Femenino<\/a> <a href=\"https:\/\/twitter.com\/hashtag\/orgulloGranota?src=hash\">#orgulloGranota<\/a> <a href=\"http:\/\/t.co\/wtYdR7qJ48\">pic.twitter.com\/wtYdR7qJ48<\/a><\/p>\n<p>\u2014 Charlyn Corral (@CharlynCorral) <a href=\"https:\/\/twitter.com\/CharlynCorral\/status\/619591655025324032\">julio 10, 2015<\/a>\n<\/p><\/blockquote>\n<p><script src=\"\/\/platform.twitter.com\/widgets.js\" async=\"\" charset=\"utf-8\"><\/script><\/p>\n","protected":false},"excerpt":{"rendered":"<p>Ya fich\u00f3 con el Levante femenil, pero a\u00fan no sabe la fecha de su partida<\/p>\n","protected":false},"author":20,"featured_media":292219,"comment_status":"open","ping_status":"open","sticky":false,"template":"","format":"standard","meta":[],"categories":[3839,3844],"tags":[4008,142],"_links":{"self":[{"href":"http:\/\/desarrollo.grupomedios.com\/futbol\/wp-json\/wp\/v2\/posts\/292212"}],"collection":[{"href":"http:\/\/desarrollo.grupomedios.com\/futbol\/wp-json\/wp\/v2\/posts"}],"about":[{"href":"http:\/\/desarrollo.grupomedios.com\/futbol\/wp-json\/wp\/v2\/types\/post"}],"author":[{"embeddable":true,"href":"http:\/\/desarrollo.grupomedios.com\/futbol\/wp-json\/wp\/v2\/users\/20"}],"replies":[{"embeddable":true,"href":"http:\/\/desarrollo.grupomedios.com\/futbol\/wp-json\/wp\/v2\/comments?post=292212"}],"version-history":[{"count":0,"href":"http:\/\/desarrollo.grupomedios.com\/futbol\/wp-json\/wp\/v2\/posts\/292212\/revisions"}],"wp:featuredmedia":[{"embeddable":true,"href":"http:\/\/desarrollo.grupomedios.com\/futbol\/wp-json\/wp\/v2\/media\/292219"}],"wp:attachment":[{"href":"http:\/\/desarrollo.grupomedios.com\/futbol\/wp-json\/wp\/v2\/media?parent=292212"}],"wp:term":[{"taxonomy":"category","embeddable":true,"href":"http:\/\/desarrollo.grupomedios.com\/futbol\/wp-json\/wp\/v2\/categories?post=292212"},{"taxonomy":"post_tag","embeddable":true,"href":"http:\/\/desarrollo.grupomedios.com\/futbol\/wp-json\/wp\/v2\/tags?post=292212"}],"curies":[{"name":"wp","href":"https:\/\/api.w.org\/{rel}","templated":true}]}}