{"id":292254,"date":"2015-07-10T21:21:40","date_gmt":"2015-07-11T02:21:40","guid":{"rendered":"http:\/\/futboltotal.com.mx\/?p=292254"},"modified":"2015-07-12T17:31:37","modified_gmt":"2015-07-12T22:31:37","slug":"schweinsteiger-ya-seria-del-manchester-united","status":"publish","type":"post","link":"http:\/\/desarrollo.grupomedios.com\/futbol\/futbol-internacional\/schweinsteiger-ya-seria-del-manchester-united\/2015\/07","title":{"rendered":"Schweinsteiger, refuerzo del Manchester United"},"content":{"rendered":"<p>Mantener a Pep Guardiola como t\u00e9cnico del <strong>Bayern Munich<\/strong> le comienza salir caro a la directiva y a la afici\u00f3n pues ha visto como salieron hombres que en el pasado fueron figuras dentro del equipo, sin embargo, en este mercado veraniego los <em>B\u00e1varos<\/em>\u00a0dejaron\u00a0ir a uno de sus \u00eddolos: <strong>Bastian Schweinsteiger<\/strong> quien lleg\u00f3 a un acuerdo con el\u00a0<strong>Manchester United<\/strong>.<\/p>\n<p>El campe\u00f3n del mundo, acept\u00f3 firmar contrato con los <em>Red Devils<\/em> gracias a la oferta de 10 millones de euros, seg\u00fan public\u00f3 el diario alem\u00e1n, <em>Bild<\/em>.<\/p>\n<blockquote class=\"twitter-tweet\" lang=\"es\">\n<p dir=\"ltr\" lang=\"es\"><a href=\"https:\/\/twitter.com\/hashtag\/Rummenigge?src=hash\">#Rummenigge<\/a>: &#8220;Desde Manchester se han puesto en contacto conmigo. Hemos llegado a un acuerdo por el traspaso.&#8221; <a href=\"http:\/\/t.co\/90wKzdpMzf\">pic.twitter.com\/90wKzdpMzf<\/a><\/p>\n<p>\u2014 FC Bayern Espa\u00f1ol (@FCBayernES) <a href=\"https:\/\/twitter.com\/FCBayernES\/status\/619848404500381696\">julio 11, 2015<\/a><\/p><\/blockquote>\n<p><script src=\"\/\/platform.twitter.com\/widgets.js\" async=\"\" charset=\"utf-8\"><\/script><\/p>\n<p>Aunque en d\u00edas anteriores el director general del <strong>Bayern Munich<\/strong>, Karl-Heinz Rummenigge, subray\u00f3 que <strong>Bastian Schweinsteiger <\/strong>tiene contrato hasta el 30 de junio de 2016, las supuestas indiferencia con Guardiola habr\u00edan obligado al <em>Puerco Volador<\/em>\u00a0a abandonar el club.<\/p>\n<p>De esta forma el mediocampista puso\u00a0fin a su traves\u00eda en\u00a0el equipo que lo form\u00f3\u00a0y ahora vestir\u00e1 su segunda camiseta de club.<\/p>\n<p>Actualmente, <strong>Bayern Munich<\/strong> se encuentra en su preparaci\u00f3n de cara a la temporada 2015-16, en la que buscar\u00e1 volver al protagonismo en el <em>Viejo Continente<\/em>, porque en la campa\u00f1a anterior solo consigui\u00f3 la Bundesliga, cuando el objetivo era repetir el triplete que hizo Jupp Heynckes (2012-13).<\/p>\n","protected":false},"excerpt":{"rendered":"<p>El mediocampista vestir\u00e1 la segunda camiseta de club en su carrera<\/p>\n","protected":false},"author":20,"featured_media":292255,"comment_status":"open","ping_status":"open","sticky":false,"template":"","format":"standard","meta":[],"categories":[3839,3844],"tags":[5746,2056,43],"_links":{"self":[{"href":"http:\/\/desarrollo.grupomedios.com\/futbol\/wp-json\/wp\/v2\/posts\/292254"}],"collection":[{"href":"http:\/\/desarrollo.grupomedios.com\/futbol\/wp-json\/wp\/v2\/posts"}],"about":[{"href":"http:\/\/desarrollo.grupomedios.com\/futbol\/wp-json\/wp\/v2\/types\/post"}],"author":[{"embeddable":true,"href":"http:\/\/desarrollo.grupomedios.com\/futbol\/wp-json\/wp\/v2\/users\/20"}],"replies":[{"embeddable":true,"href":"http:\/\/desarrollo.grupomedios.com\/futbol\/wp-json\/wp\/v2\/comments?post=292254"}],"version-history":[{"count":0,"href":"http:\/\/desarrollo.grupomedios.com\/futbol\/wp-json\/wp\/v2\/posts\/292254\/revisions"}],"wp:featuredmedia":[{"embeddable":true,"href":"http:\/\/desarrollo.grupomedios.com\/futbol\/wp-json\/wp\/v2\/media\/292255"}],"wp:attachment":[{"href":"http:\/\/desarrollo.grupomedios.com\/futbol\/wp-json\/wp\/v2\/media?parent=292254"}],"wp:term":[{"taxonomy":"category","embeddable":true,"href":"http:\/\/desarrollo.grupomedios.com\/futbol\/wp-json\/wp\/v2\/categories?post=292254"},{"taxonomy":"post_tag","embeddable":true,"href":"http:\/\/desarrollo.grupomedios.com\/futbol\/wp-json\/wp\/v2\/tags?post=292254"}],"curies":[{"name":"wp","href":"https:\/\/api.w.org\/{rel}","templated":true}]}}