{"id":292312,"date":"2015-07-11T13:02:39","date_gmt":"2015-07-11T18:02:39","guid":{"rendered":"http:\/\/futboltotal.com.mx\/?p=292312"},"modified":"2015-07-11T17:53:18","modified_gmt":"2015-07-11T22:53:18","slug":"juventus-ofrece-40-kilos-por-ozil","status":"publish","type":"post","link":"http:\/\/desarrollo.grupomedios.com\/futbol\/futbol-internacional\/juventus-ofrece-40-kilos-por-ozil\/2015\/07","title":{"rendered":"Mesut Ozil, \u00bfen la mira de Juventus?"},"content":{"rendered":"<p>El\u00a0 futbolista alem\u00e1n, <strong>Mesut Ozil<\/strong>, est\u00e1 considerado en los planes de la <strong>Juventus<\/strong> ante la baja del maestro Andrea Pirlo y la posible salida de<strong> Arturo Vidal <\/strong>al Real Madrid. Medios en Italia, mencionan que el jugador del <strong>Arsenal<\/strong>\u00a0cubre las necesidades que busca el t\u00e9cnico de la <em>Novia de Italia<\/em>, \u00a0<strong>Massimilliano Allegri.<\/strong><\/p>\n<p><strong>Ozil, <\/strong>quien lleg\u00f3 con los <em>Gunners<\/em>\u00a0para la jornada cuatro de la temporada 2013-2014 por un valor aproximado a 50 millones de euros, se ha convertido desde su arribo\u00a0en un titular indiscutible en el once de <strong>Ars\u00e9ne Wenger<\/strong>, sin embargo, las lesiones sufridas en el \u00faltimo a\u00f1o lo alejaron del protagonismo que lo caracteriza.<\/p>\n<p>A pesar de esta situaci\u00f3n, la experiencia y el talento que cuenta han hecho que varios equipos sigan interesados en contratarle, uno de ellos es la <em>Vecchia Signora,\u00a0<\/em>dispuesta ofrecer 40 millones de euros para ficharlo,\u00a0de acuerdo al medio italiano\u00a0<em>Tutto Sport.<\/em><\/p>\n<p>El presidente de la <strong>Juventus<\/strong>, Andrea Agnelli, mencion\u00f3 a inicios de semana que se encuentran en b\u00fasqueda de un futbolista que cubra las necesidades de un diez que aporte talento y juego en equipo.<\/p>\n<p>&#8220;El 10 es un n\u00famero que siempre ha hecho so\u00f1ar. Pero solo puede llevarlo un jugador con determinadas caracter\u00edsticas, un fen\u00f3meno. Sobre todo si hablamos de la camiseta n\u00famero 10 de la <strong>Juventus<\/strong>&#8220;, mencion\u00f3 el m\u00e1ximo referente del club.<\/p>\n<p>De cubrir las necesidades de Agnelli, <strong>Mesut Ozil, <\/strong>de 26 a\u00f1os,\u00a0podr\u00eda ser el nuevo referente del equipo de Tur\u00edn en mira al pr\u00f3ximo certamen.<\/p>\n","protected":false},"excerpt":{"rendered":"<p>El jugador alem\u00e1n cubrir\u00eda la baja de Pirlo y la posible salida de Arturo Vidal <\/p>\n","protected":false},"author":20,"featured_media":292313,"comment_status":"open","ping_status":"open","sticky":false,"template":"","format":"standard","meta":[],"categories":[3839,3844,3848],"tags":[6044,5999,465],"_links":{"self":[{"href":"http:\/\/desarrollo.grupomedios.com\/futbol\/wp-json\/wp\/v2\/posts\/292312"}],"collection":[{"href":"http:\/\/desarrollo.grupomedios.com\/futbol\/wp-json\/wp\/v2\/posts"}],"about":[{"href":"http:\/\/desarrollo.grupomedios.com\/futbol\/wp-json\/wp\/v2\/types\/post"}],"author":[{"embeddable":true,"href":"http:\/\/desarrollo.grupomedios.com\/futbol\/wp-json\/wp\/v2\/users\/20"}],"replies":[{"embeddable":true,"href":"http:\/\/desarrollo.grupomedios.com\/futbol\/wp-json\/wp\/v2\/comments?post=292312"}],"version-history":[{"count":0,"href":"http:\/\/desarrollo.grupomedios.com\/futbol\/wp-json\/wp\/v2\/posts\/292312\/revisions"}],"wp:featuredmedia":[{"embeddable":true,"href":"http:\/\/desarrollo.grupomedios.com\/futbol\/wp-json\/wp\/v2\/media\/292313"}],"wp:attachment":[{"href":"http:\/\/desarrollo.grupomedios.com\/futbol\/wp-json\/wp\/v2\/media?parent=292312"}],"wp:term":[{"taxonomy":"category","embeddable":true,"href":"http:\/\/desarrollo.grupomedios.com\/futbol\/wp-json\/wp\/v2\/categories?post=292312"},{"taxonomy":"post_tag","embeddable":true,"href":"http:\/\/desarrollo.grupomedios.com\/futbol\/wp-json\/wp\/v2\/tags?post=292312"}],"curies":[{"name":"wp","href":"https:\/\/api.w.org\/{rel}","templated":true}]}}