{"id":292336,"date":"2015-07-11T15:30:11","date_gmt":"2015-07-11T20:30:11","guid":{"rendered":"http:\/\/futboltotal.com.mx\/?p=292336"},"modified":"2015-07-11T21:39:51","modified_gmt":"2015-07-12T02:39:51","slug":"ronaldinho-regresa-a-brasil-para-jugar-con-fluminense","status":"publish","type":"post","link":"http:\/\/desarrollo.grupomedios.com\/futbol\/futbol-internacional\/ronaldinho-regresa-a-brasil-para-jugar-con-fluminense\/2015\/07","title":{"rendered":"Ronaldinho regresa a Brasil con Fluminense"},"content":{"rendered":"<p>Hace dos semanas el planeta futbol\u00edstico colocaba a <strong>Ronaldinho<\/strong> en el futbol turco, con el Antalyaspor. El traspaso no se finiquit\u00f3 y ahora se confirma el regreso del crack al futbol brasile\u00f1o. Su hermano y representante, Roberto de Assis, concret\u00f3 un acuerdo con el presidente del <strong>Fluminense<\/strong>, Peter Siemsen, para que el campe\u00f3n del mundo integr\u00e9 el popular plantel hasta diciembre de 2016.<\/p>\n<p>De acuerdo a fuentes pr\u00f3ximas al club carioca, las negociaciones entre el hermano de Ronaldinho y el Fluminense comenzaron hace m\u00e1s de un mes, en cuanto se conoci\u00f3 su salida del Quer\u00e9taro, con un encuentro secreto entre De Assis y ejecutivos de la m\u00e1xima confianza de Siemsen. El acuerdo final se alcanz\u00f3 el viernes, tras una reuni\u00f3n con el vicepresidente Mario Bittencourt a la que tambi\u00e9n asisti\u00f3 Ronaldinho.<\/p>\n<blockquote class=\"twitter-tweet\" lang=\"es\">\n<p dir=\"ltr\" lang=\"pt\">Bem-vindo, <a href=\"https:\/\/twitter.com\/10Ronaldinho\">@10Ronaldinho<\/a> Welcome, <a href=\"https:\/\/twitter.com\/10Ronaldinho\">@10Ronaldinho<\/a> <a href=\"https:\/\/twitter.com\/hashtag\/R10noFLU?src=hash\">#R10noFLU<\/a> <a href=\"https:\/\/twitter.com\/hashtag\/SomosFluminense?src=hash\">#SomosFluminense<\/a> <a href=\"http:\/\/t.co\/Q7k7Clksdg\">pic.twitter.com\/Q7k7Clksdg<\/a><\/p>\n<p>\u2014 Fluminense F.C. (@FluminenseFC) <a href=\"https:\/\/twitter.com\/FluminenseFC\/status\/619984769573613568\">julio 11, 2015<\/a><\/p><\/blockquote>\n<p><script src=\"\/\/platform.twitter.com\/widgets.js\" async=\"\" charset=\"utf-8\"><\/script><\/p>\n<p>Obviamente para seducir al futbolista el salario es una parte muy importante, es por ello que el Fluminense pagar\u00e1 a Ronaldinho 150.000 d\u00f3lares por mes, una cifra que podr\u00eda aumentar a trav\u00e9s de la publicidad que el club consiga por la presencia del jugador y que provocar\u00eda que ambas partes se repartiesen esos ingresos por publicidad.<\/p>\n<p>La incorporaci\u00f3n de Ronaldinho a la plantilla del Fluminense est\u00e1 prevista dentro de dos semanas, cerr\u00e1ndose as\u00ed la novela en que se hab\u00eda convertido su posible destino desde que abandon\u00f3 M\u00e9xico. De hecho, el crack as\u00ed lo confirm\u00f3 v\u00eda Twitter.<\/p>\n<blockquote class=\"twitter-tweet\" lang=\"es\"><p>\n<a href=\"https:\/\/twitter.com\/hashtag\/R10noFLU?src=hash\">#R10noFLU<\/a> <a href=\"http:\/\/t.co\/6yGvpyb4Zj\">pic.twitter.com\/6yGvpyb4Zj<\/a><\/p>\n<p>\u2014 Ronaldinho Ga\u00facho (@10Ronaldinho) <a href=\"https:\/\/twitter.com\/10Ronaldinho\/status\/619975757532667904\">julio 11, 2015<\/a>\n<\/p><\/blockquote>\n<p><script src=\"\/\/platform.twitter.com\/widgets.js\" async=\"\" charset=\"utf-8\"><\/script><\/p>\n<p>Cuando se enfunde en la el\u00e1stica del Flu, Ronaldinho llegar\u00e1 a su octavo equipo. El astro brasile\u00f1o debut\u00f3 en el Gremio en 1998 antes de pasar al PSG en 2001, fichar por el Barcelona en 2003, jugar en el Milan entre 2008 y 2011, volver a Brasil con Flamengo y Atl\u00e9tico Mineiro, adem\u00e1s de su paso por el futbol mexicano, donde jug\u00f3 24 partidos con el Quer\u00e9taro entre septiembre de 2014 y mayo de 2015.<\/p>\n","protected":false},"excerpt":{"rendered":"<p>El crack no logr\u00f3 acuerdo en el futbol turco y volver\u00e1 a su pa\u00eds<\/p>\n","protected":false},"author":20,"featured_media":292339,"comment_status":"open","ping_status":"open","sticky":false,"template":"","format":"standard","meta":[],"categories":[3839,3844],"tags":[402,5997],"_links":{"self":[{"href":"http:\/\/desarrollo.grupomedios.com\/futbol\/wp-json\/wp\/v2\/posts\/292336"}],"collection":[{"href":"http:\/\/desarrollo.grupomedios.com\/futbol\/wp-json\/wp\/v2\/posts"}],"about":[{"href":"http:\/\/desarrollo.grupomedios.com\/futbol\/wp-json\/wp\/v2\/types\/post"}],"author":[{"embeddable":true,"href":"http:\/\/desarrollo.grupomedios.com\/futbol\/wp-json\/wp\/v2\/users\/20"}],"replies":[{"embeddable":true,"href":"http:\/\/desarrollo.grupomedios.com\/futbol\/wp-json\/wp\/v2\/comments?post=292336"}],"version-history":[{"count":0,"href":"http:\/\/desarrollo.grupomedios.com\/futbol\/wp-json\/wp\/v2\/posts\/292336\/revisions"}],"wp:featuredmedia":[{"embeddable":true,"href":"http:\/\/desarrollo.grupomedios.com\/futbol\/wp-json\/wp\/v2\/media\/292339"}],"wp:attachment":[{"href":"http:\/\/desarrollo.grupomedios.com\/futbol\/wp-json\/wp\/v2\/media?parent=292336"}],"wp:term":[{"taxonomy":"category","embeddable":true,"href":"http:\/\/desarrollo.grupomedios.com\/futbol\/wp-json\/wp\/v2\/categories?post=292336"},{"taxonomy":"post_tag","embeddable":true,"href":"http:\/\/desarrollo.grupomedios.com\/futbol\/wp-json\/wp\/v2\/tags?post=292336"}],"curies":[{"name":"wp","href":"https:\/\/api.w.org\/{rel}","templated":true}]}}