{"id":292371,"date":"2015-07-11T14:57:23","date_gmt":"2015-07-11T19:57:23","guid":{"rendered":"http:\/\/futboltotal.com.mx\/?p=292371"},"modified":"2015-07-11T14:58:48","modified_gmt":"2015-07-11T19:58:48","slug":"keylor-navas-es-seducido-por-la-roma","status":"publish","type":"post","link":"http:\/\/desarrollo.grupomedios.com\/futbol\/futbol-internacional\/keylor-navas-es-seducido-por-la-roma\/2015\/07","title":{"rendered":"Keylor Navas es seducido por la Roma"},"content":{"rendered":"<p>El <strong>Real Madrid<\/strong> afronta un problema grande en lo que respecta al puesto de guardameta titular de cara a la pr\u00f3xima temporada. La salida de Ikrer Casillas abr\u00eda un hueco pero la operaci\u00f3n se estanc\u00f3. A ese movimiento se suman el inter\u00e9s en los fichajes de Kiko Casilla y David de Gea y el que m\u00e1s teme por su situaci\u00f3n en el vestuario es Keylor Navas, quien permanecer\u00eda con su rol como suplente en la entidad por otra temporada. Ante eso, el portero centroamericano valora varias ofertas y la \u00faltima llega desde Italia. <\/p>\n<p>Con ofertas para acudir a la Premier League, ya sea Liverpool o Manchester United, se suma una m\u00e1s de la Serie A. De acuerdo a los reportes del diario <em>Il Messaggero<\/em>, la <strong>Roma<\/strong> buscar\u00eda aprovecharse de la mala situaci\u00f3n del guardameta tico en su estancia con el Real Madrid para hacerse con sus servicios. <\/p>\n<p>Keylor tendr\u00eda como prioridad abandonar el conjunto blanco en busca de un equipo que le ceda la titularidad, algo que podr\u00eda ofrecerle el poderoso equipo romano.<\/p>\n<p>El equipo dirigido por Rudi Garc\u00eda realizar\u00eda una oferta por Keylor Navas en los pr\u00f3ximos d\u00edas aunque, desde Inglaterra, tambi\u00e9n estar\u00eda atento el Manchester United. Los <em>Red Devils<\/em> pensar\u00edan en el meta blanco en caso de que el Madrid insistiera por De Gea. Una de las condiciones ser\u00eda que Navas se marchara a Old Trafford aunque por el momento el futbolista no se ha pronunciado sobre su futuro. El guardameta tico se perdi\u00f3 la Copa Oro por problemas en su tend\u00f3n de Aquiles. <\/p>\n","protected":false},"excerpt":{"rendered":"<p>El conjunto italiano har\u00eda del tico su guardameta estelar <\/p>\n","protected":false},"author":20,"featured_media":292381,"comment_status":"open","ping_status":"open","sticky":false,"template":"","format":"standard","meta":[],"categories":[3839,3844],"tags":[5590,5988,320],"_links":{"self":[{"href":"http:\/\/desarrollo.grupomedios.com\/futbol\/wp-json\/wp\/v2\/posts\/292371"}],"collection":[{"href":"http:\/\/desarrollo.grupomedios.com\/futbol\/wp-json\/wp\/v2\/posts"}],"about":[{"href":"http:\/\/desarrollo.grupomedios.com\/futbol\/wp-json\/wp\/v2\/types\/post"}],"author":[{"embeddable":true,"href":"http:\/\/desarrollo.grupomedios.com\/futbol\/wp-json\/wp\/v2\/users\/20"}],"replies":[{"embeddable":true,"href":"http:\/\/desarrollo.grupomedios.com\/futbol\/wp-json\/wp\/v2\/comments?post=292371"}],"version-history":[{"count":0,"href":"http:\/\/desarrollo.grupomedios.com\/futbol\/wp-json\/wp\/v2\/posts\/292371\/revisions"}],"wp:featuredmedia":[{"embeddable":true,"href":"http:\/\/desarrollo.grupomedios.com\/futbol\/wp-json\/wp\/v2\/media\/292381"}],"wp:attachment":[{"href":"http:\/\/desarrollo.grupomedios.com\/futbol\/wp-json\/wp\/v2\/media?parent=292371"}],"wp:term":[{"taxonomy":"category","embeddable":true,"href":"http:\/\/desarrollo.grupomedios.com\/futbol\/wp-json\/wp\/v2\/categories?post=292371"},{"taxonomy":"post_tag","embeddable":true,"href":"http:\/\/desarrollo.grupomedios.com\/futbol\/wp-json\/wp\/v2\/tags?post=292371"}],"curies":[{"name":"wp","href":"https:\/\/api.w.org\/{rel}","templated":true}]}}