{"id":292413,"date":"2015-07-11T16:40:06","date_gmt":"2015-07-11T21:40:06","guid":{"rendered":"http:\/\/futboltotal.com.mx\/?p=292413"},"modified":"2015-07-11T16:41:56","modified_gmt":"2015-07-11T21:41:56","slug":"omar-govea-feliz-por-su-nuevo-reto-con-el-porto","status":"publish","type":"post","link":"http:\/\/desarrollo.grupomedios.com\/futbol\/uncategorized\/omar-govea-feliz-por-su-nuevo-reto-con-el-porto\/2015\/07","title":{"rendered":"Omar Govea, feliz por su nuevo reto con el Porto"},"content":{"rendered":"<p>El futbol le dio una gran oportunidad y <strong>Omar Govea <\/strong>espera concretar este sue\u00f1o de la mejor manera. El mexicano arrib\u00f3 a Portugal para cerrar su acuerdo con el <strong>Porto<\/strong> y se mostr\u00f3 muy alegre por este sue\u00f1o cumplido en su carrera. <\/p>\n<blockquote class=\"twitter-tweet\" lang=\"es\">\n<p lang=\"es\" dir=\"ltr\">&quot;Um sonho&quot; para <a href=\"https:\/\/twitter.com\/96govea\">@96govea<\/a>. <a href=\"http:\/\/t.co\/TVxdFQX0k1\">http:\/\/t.co\/TVxdFQX0k1<\/a> \/ A dream for Omar Govea. \/ Un sue\u00f1o para Omar Govea. <a href=\"https:\/\/twitter.com\/hashtag\/FCPortoB?src=hash\">#FCPortoB<\/a> <a href=\"https:\/\/twitter.com\/hashtag\/MEX?src=hash\">#MEX<\/a> <a href=\"http:\/\/t.co\/csWa3GfPA9\">pic.twitter.com\/csWa3GfPA9<\/a><\/p>\n<p>&mdash; FC Porto (@FCPorto) <a href=\"https:\/\/twitter.com\/FCPorto\/status\/619883902467883008\">julio 11, 2015<\/a><\/p><\/blockquote>\n<p><script async src=\"\/\/platform.twitter.com\/widgets.js\" charset=\"utf-8\"><\/script><\/p>\n<p>&#8220;Siempre pienso en progresar y alcanzar el \u00e9xito. Me siento muy c\u00f3modo en la ciudad y en el club. He sido tratado muy bien y fui bien recibido bien por todos, incluyendo a mis compa\u00f1eros. Estoy feliz por estar aqu\u00ed\u201d, manifest\u00f3 a la web oficial del equipo luso.<\/p>\n<p><strong>Omar Govea<\/strong>, que se encontraba en el equipo Sub 20 de Am\u00e9rica, estar\u00e1 durante un a\u00f1o a pr\u00e9stamo con el conjunto de los <em>Dragones<\/em>, con la encomienda de ganarse su lugar e ir progresando en uno de los mejores clubes de Europa.<\/p>\n<p>&#8220;Quiero continuar y crecer como jugador y persona. Quiero trascender y pienso estar aqu\u00ed. Voy a trabajar para seguir creciendo&#8221;, se\u00f1al\u00f3 Govea, que se reencontrar\u00e1 con Ra\u00fal Gudi\u00f1o, guardameta con el que concidi\u00f3 en Mundial Sub-17 del a\u00f1o 2013.<\/p>\n<p>&#8220;Es bueno tener compa\u00f1eros mexicanos y poder hablar espa\u00f1ol para tener una adaptaci\u00f3n lo m\u00e1s r\u00e1pida posible, porque el idioma igual se complica&#8221;, finaliz\u00f3 en referencia a los otros dos compatriotas que pertenecen a la instituci\u00f3n, Diego Reyes y H\u00e9ctor Herrera. <\/p>\n","protected":false},"excerpt":{"rendered":"<p>El joven de 19 a\u00f1os conoci\u00f3 las instalaciones del club y ya tuvo su primer entrenamiento <\/p>\n","protected":false},"author":20,"featured_media":292415,"comment_status":"open","ping_status":"open","sticky":false,"template":"","format":"standard","meta":[],"categories":[1],"tags":[5612,1208],"_links":{"self":[{"href":"http:\/\/desarrollo.grupomedios.com\/futbol\/wp-json\/wp\/v2\/posts\/292413"}],"collection":[{"href":"http:\/\/desarrollo.grupomedios.com\/futbol\/wp-json\/wp\/v2\/posts"}],"about":[{"href":"http:\/\/desarrollo.grupomedios.com\/futbol\/wp-json\/wp\/v2\/types\/post"}],"author":[{"embeddable":true,"href":"http:\/\/desarrollo.grupomedios.com\/futbol\/wp-json\/wp\/v2\/users\/20"}],"replies":[{"embeddable":true,"href":"http:\/\/desarrollo.grupomedios.com\/futbol\/wp-json\/wp\/v2\/comments?post=292413"}],"version-history":[{"count":0,"href":"http:\/\/desarrollo.grupomedios.com\/futbol\/wp-json\/wp\/v2\/posts\/292413\/revisions"}],"wp:featuredmedia":[{"embeddable":true,"href":"http:\/\/desarrollo.grupomedios.com\/futbol\/wp-json\/wp\/v2\/media\/292415"}],"wp:attachment":[{"href":"http:\/\/desarrollo.grupomedios.com\/futbol\/wp-json\/wp\/v2\/media?parent=292413"}],"wp:term":[{"taxonomy":"category","embeddable":true,"href":"http:\/\/desarrollo.grupomedios.com\/futbol\/wp-json\/wp\/v2\/categories?post=292413"},{"taxonomy":"post_tag","embeddable":true,"href":"http:\/\/desarrollo.grupomedios.com\/futbol\/wp-json\/wp\/v2\/tags?post=292413"}],"curies":[{"name":"wp","href":"https:\/\/api.w.org\/{rel}","templated":true}]}}