{"id":292450,"date":"2015-07-11T17:47:18","date_gmt":"2015-07-11T22:47:18","guid":{"rendered":"http:\/\/futboltotal.com.mx\/?p=292450"},"modified":"2015-07-11T21:41:47","modified_gmt":"2015-07-12T02:41:47","slug":"valon-behrami-sera-companero-de-layun-con-el-watford","status":"publish","type":"post","link":"http:\/\/desarrollo.grupomedios.com\/futbol\/futbol-internacional\/valon-behrami-sera-companero-de-layun-con-el-watford\/2015\/07","title":{"rendered":"Behrami, el nuevo compa\u00f1ero de Lay\u00fan con el Watford"},"content":{"rendered":"<p>Tras su regreso a la divisi\u00f3n de honor en Inglaterra, el <strong>Watford<\/strong> sigue reforzando sus l\u00edneas de la mejor manera posible y este s\u00e1bado hizo oficial el acuerdo con <strong>Valon Behrami<\/strong> por las siguientes tres temporadas y un traspaso por 4.5 millones de euros.<\/p>\n<blockquote class=\"twitter-tweet\" lang=\"es\">\n<p dir=\"ltr\" lang=\"en\">OFFICIAL: <a href=\"https:\/\/twitter.com\/hashtag\/watfordfc?src=hash\">#watfordfc<\/a> is delighted to confirm the signing of Swiss midfielder Valon Behrami on a three-year deal <a href=\"http:\/\/t.co\/zHgeYaqgWK\">pic.twitter.com\/zHgeYaqgWK<\/a><\/p>\n<p>\u2014 Watford FC (@WatfordFC) <a href=\"https:\/\/twitter.com\/WatfordFC\/status\/619912462142435328\">julio 11, 2015<\/a><\/p><\/blockquote>\n<p><script src=\"\/\/platform.twitter.com\/widgets.js\" async=\"\" charset=\"utf-8\"><\/script><\/p>\n<p>El futbolista de 30 a\u00f1os nacido en Yugoslavia pero internacional\u00a0por Suiza regresar\u00e1 a la Premier League, donde ya disput\u00f3 dos temporadas y media con el West Ham United entre Julio del 2008 y enero del 2011.<\/p>\n<p>El mediocampista de contenci\u00f3n o interior seg\u00fan las disposiciones t\u00e1cticas de su estratega llega proveniente del Hamburgo con quien disput\u00f3 la \u00faltima campa\u00f1a, luego de pertenecer al N\u00e1poles y Fiorentina en su periplo por la Serie A.<\/p>\n<p>Un refuerzo de altura y gran calidad llega a Watford, as\u00ed lo demuestra su dilatada experiencia con el combinado de Suiza, equipo con el que ha disputado tres Mundiales y la Euro 2008 con 57 participaciones a lo largo del camino.<\/p>\n<p>Valon Behrami se convirti\u00f3 en la d\u00e9cima alta del Watford para la temporada 2015-2016 y ser\u00e1 compa\u00f1ero del mexicano Miguel Lay\u00fan con los <em>Hornets <\/em>en esta nueva aventura en la Premier League.<\/p>\n<p><iframe loading=\"lazy\" src=\"https:\/\/www.youtube.com\/embed\/DnOduBH_tRY\" frameborder=\"0\" allowfullscreen=\"allowfullscreen\"><\/iframe><\/p>\n","protected":false},"excerpt":{"rendered":"<p>Los Hornets ya tienen 10 adiciones en este mercado de transferencias <\/p>\n","protected":false},"author":20,"featured_media":292457,"comment_status":"open","ping_status":"open","sticky":false,"template":"","format":"standard","meta":[],"categories":[3839,3846],"tags":[1035,5754,4370],"_links":{"self":[{"href":"http:\/\/desarrollo.grupomedios.com\/futbol\/wp-json\/wp\/v2\/posts\/292450"}],"collection":[{"href":"http:\/\/desarrollo.grupomedios.com\/futbol\/wp-json\/wp\/v2\/posts"}],"about":[{"href":"http:\/\/desarrollo.grupomedios.com\/futbol\/wp-json\/wp\/v2\/types\/post"}],"author":[{"embeddable":true,"href":"http:\/\/desarrollo.grupomedios.com\/futbol\/wp-json\/wp\/v2\/users\/20"}],"replies":[{"embeddable":true,"href":"http:\/\/desarrollo.grupomedios.com\/futbol\/wp-json\/wp\/v2\/comments?post=292450"}],"version-history":[{"count":0,"href":"http:\/\/desarrollo.grupomedios.com\/futbol\/wp-json\/wp\/v2\/posts\/292450\/revisions"}],"wp:featuredmedia":[{"embeddable":true,"href":"http:\/\/desarrollo.grupomedios.com\/futbol\/wp-json\/wp\/v2\/media\/292457"}],"wp:attachment":[{"href":"http:\/\/desarrollo.grupomedios.com\/futbol\/wp-json\/wp\/v2\/media?parent=292450"}],"wp:term":[{"taxonomy":"category","embeddable":true,"href":"http:\/\/desarrollo.grupomedios.com\/futbol\/wp-json\/wp\/v2\/categories?post=292450"},{"taxonomy":"post_tag","embeddable":true,"href":"http:\/\/desarrollo.grupomedios.com\/futbol\/wp-json\/wp\/v2\/tags?post=292450"}],"curies":[{"name":"wp","href":"https:\/\/api.w.org\/{rel}","templated":true}]}}