{"id":292464,"date":"2015-07-11T18:17:33","date_gmt":"2015-07-11T23:17:33","guid":{"rendered":"http:\/\/futboltotal.com.mx\/?p=292464"},"modified":"2015-07-11T21:41:15","modified_gmt":"2015-07-12T02:41:15","slug":"kimmich-y-costa-presentados-con-el-bayern-munich","status":"publish","type":"post","link":"http:\/\/desarrollo.grupomedios.com\/futbol\/futbol-internacional\/kimmich-y-costa-presentados-con-el-bayern-munich\/2015\/07","title":{"rendered":"Kimmich y Costa, presentados con el Bayern Munich"},"content":{"rendered":"<p>Mientras unos se van, otros van llegando y con muchas ilusiones. Este s\u00e1bado en Munich fue un d\u00eda de sentimientos encontrados tras el anuncio de que luego de 17 a\u00f1os Bastian Schweinsteiger dejaba el club de sus amores. Horas m\u00e1s tarde se presentaron dos de las nuevas caras con las que contar\u00e1 el Bayern para el curso 2015-2016: <strong>Joshua Kimmich<\/strong> y <strong>Douglas Costa<\/strong>.<\/p>\n<blockquote class=\"twitter-tweet\" lang=\"es\">\n<p dir=\"ltr\" lang=\"de\">&#8220;Eine riesige Ehre!&#8221; Douglas Costa und Joshua Kimmich offiziell vorgestellt: <a href=\"http:\/\/t.co\/GMFKf3KSha\">http:\/\/t.co\/GMFKf3KSha<\/a> <a href=\"http:\/\/t.co\/5tmPHS70fx\">pic.twitter.com\/5tmPHS70fx<\/a><\/p>\n<p>\u2014 FC Bayern M\u00fcnchen (@FCBayern) <a href=\"https:\/\/twitter.com\/FCBayern\/status\/619885581766668288\">julio 11, 2015<\/a><\/p><\/blockquote>\n<p><script src=\"\/\/platform.twitter.com\/widgets.js\" async=\"\" charset=\"utf-8\"><\/script><\/p>\n<p>&#8220;Estoy muy contento y muy orgulloso de poder llevar la camiseta del Bayern&#8221;, declar\u00f3 Douglas Costa durante la bienvenida.<\/p>\n<p>&#8220;Es un sue\u00f1o que se hace realidad. Quisiera agradecer la confianza del club&#8221;, acot\u00f3 Kimmich, que con solo 20 a\u00f1os de edad asume una gran responsabilidad con el Bayern Munich. El futbolista confes\u00f3 que al principio &#8220;no pod\u00eda creerlo&#8221; cuando la pasada temporada oy\u00f3 que el Bayern ten\u00eda inter\u00e9s en \u00e9l. &#8220;Para m\u00ed es un gran honor poder jugar en este club. Es un mundo nuevo para m\u00ed&#8221; dijo el internacional sub-21.<\/p>\n<p>El director deportivo Matthias Sammer se mostr\u00f3 muy complacido con las incorporaciones y describi\u00f3 un poco de las bondades de los nuevos futbolistas del <strong>Bayern Munich<\/strong>.<\/p>\n<p>Douglas Costa es &#8220;r\u00e1pido, \u00e1gil, creativo y muy valioso e impresionante en el uno contra uno. Busc\u00e1bamos un perfil muy concreto y nos ha conducido r\u00e1pidamente a \u00e9l&#8221;, revel\u00f3 Sammer. Aunque se\u00f1al\u00f3 tambi\u00e9n que el brasile\u00f1o debe &#8220;aclimatarse primero&#8221;. &#8220;Le daremos tiempo para ello&#8221;.<\/p>\n<p>En ese tenor, se refiri\u00f3 a Kimmich como\u00a0&#8220;completamente un jugador de equipo&#8221;, al tiempo en que se\u00f1al\u00f3 que su adaptaci\u00f3n puede tardar. \u00a0&#8220;Tenemos que ser muy cuidadosos. Nadie puede decir cu\u00e1n r\u00e1pido se integrar\u00e1, pero que se integrar\u00e1, de eso estamos convencidos&#8221; dijo el director deportivo.<\/p>\n<p>Douglas Costa jugar\u00e1 con el n\u00famero 11 y Joshua Kimmich portar\u00e1 el dorsal 32.<\/p>\n","protected":false},"excerpt":{"rendered":"<p>El campe\u00f3n de la Bundesliga le dio la bienvenida a sus fichajes <\/p>\n","protected":false},"author":20,"featured_media":292469,"comment_status":"open","ping_status":"open","sticky":false,"template":"","format":"standard","meta":[],"categories":[3839],"tags":[2056,5622,5755],"_links":{"self":[{"href":"http:\/\/desarrollo.grupomedios.com\/futbol\/wp-json\/wp\/v2\/posts\/292464"}],"collection":[{"href":"http:\/\/desarrollo.grupomedios.com\/futbol\/wp-json\/wp\/v2\/posts"}],"about":[{"href":"http:\/\/desarrollo.grupomedios.com\/futbol\/wp-json\/wp\/v2\/types\/post"}],"author":[{"embeddable":true,"href":"http:\/\/desarrollo.grupomedios.com\/futbol\/wp-json\/wp\/v2\/users\/20"}],"replies":[{"embeddable":true,"href":"http:\/\/desarrollo.grupomedios.com\/futbol\/wp-json\/wp\/v2\/comments?post=292464"}],"version-history":[{"count":0,"href":"http:\/\/desarrollo.grupomedios.com\/futbol\/wp-json\/wp\/v2\/posts\/292464\/revisions"}],"wp:featuredmedia":[{"embeddable":true,"href":"http:\/\/desarrollo.grupomedios.com\/futbol\/wp-json\/wp\/v2\/media\/292469"}],"wp:attachment":[{"href":"http:\/\/desarrollo.grupomedios.com\/futbol\/wp-json\/wp\/v2\/media?parent=292464"}],"wp:term":[{"taxonomy":"category","embeddable":true,"href":"http:\/\/desarrollo.grupomedios.com\/futbol\/wp-json\/wp\/v2\/categories?post=292464"},{"taxonomy":"post_tag","embeddable":true,"href":"http:\/\/desarrollo.grupomedios.com\/futbol\/wp-json\/wp\/v2\/tags?post=292464"}],"curies":[{"name":"wp","href":"https:\/\/api.w.org\/{rel}","templated":true}]}}