{"id":292544,"date":"2015-07-12T12:10:07","date_gmt":"2015-07-12T17:10:07","guid":{"rendered":"http:\/\/futboltotal.com.mx\/?p=292544"},"modified":"2015-07-12T12:10:07","modified_gmt":"2015-07-12T17:10:07","slug":"steven-gerrard-elogio-al-america-tras-debut","status":"publish","type":"post","link":"http:\/\/desarrollo.grupomedios.com\/futbol\/futbol-mexicano\/steven-gerrard-elogio-al-america-tras-debut\/2015\/07","title":{"rendered":"Steven Gerrard elogi\u00f3 al Am\u00e9rica tras debut"},"content":{"rendered":"<p>Los Angeles Galaxy venci\u00f3 al Am\u00e9rica por marcador de 2-1 en el debut de <strong>Steven Gerrard<\/strong> con el equipo de MLS, dando por terminado de manera oficial una carrera de 17 a\u00f1os en la que solamente hab\u00eda jugado con el Liverpool.<\/p>\n<p>En los primeros 45 minutos de partido, Steven Gerrard debut\u00f3 y fue factor para un Los Angeles Galaxy que termin\u00f3 el primer periodo empatado a un gol tras los goles de<strong> Darwin Quintero y de Robbie Keane<\/strong>.<\/p>\n<p>Gerrard incluso tuvo un impresionante disparo tapado por Hugo Gonz\u00e1lez, quien se llevar\u00eda luego la rechifla de la afici\u00f3n americanista en Carson por ceder el gol de Keane al final del primer tiempo.<\/p>\n<p>Ante la nueva aventura, Gerrard ofreci\u00f3 palabras para el sitio oficial del Galaxy, destacando la calidad del rival que enfrent\u00f3 en Carson. &#8220;Fue un gran sentimiento, pens\u00e9 que el rival fue muy bueno,&#8221; dijo el mediocampista. &#8220;Fue un partido muy dif\u00edcil y creo que despu\u00e9s de 15 o 20 minutos nos nivelamos a ellos,&#8221; continu\u00f3.<\/p>\n<p>Bruce Arena, t\u00e9cnico del club angelino, coment\u00f3 que se evaluar\u00e1 el estado f\u00edsico de Gerrard para ver si puede debutar en Major League Soccer la siguiente semana.<\/p>\n<p>Como jugador del Galaxy, Gerrard tendr\u00e1 oportunidades para enfrentar nuevamente a equipos de <strong>Liga MX<\/strong>, ya que su club calific\u00f3 a la CONCACAF Champions League, donde Am\u00e9rica es campe\u00f3n defensor tras ganarle al Montreal Impact en la final pasada.<\/p>\n","protected":false},"excerpt":{"rendered":"<p>Tras jugar apenas 45 minutos, Gerrard se fue contento con su debut <\/p>\n","protected":false},"author":20,"featured_media":292548,"comment_status":"open","ping_status":"open","sticky":false,"template":"","format":"standard","meta":[],"categories":[2198,3845],"tags":[5959,195,560],"_links":{"self":[{"href":"http:\/\/desarrollo.grupomedios.com\/futbol\/wp-json\/wp\/v2\/posts\/292544"}],"collection":[{"href":"http:\/\/desarrollo.grupomedios.com\/futbol\/wp-json\/wp\/v2\/posts"}],"about":[{"href":"http:\/\/desarrollo.grupomedios.com\/futbol\/wp-json\/wp\/v2\/types\/post"}],"author":[{"embeddable":true,"href":"http:\/\/desarrollo.grupomedios.com\/futbol\/wp-json\/wp\/v2\/users\/20"}],"replies":[{"embeddable":true,"href":"http:\/\/desarrollo.grupomedios.com\/futbol\/wp-json\/wp\/v2\/comments?post=292544"}],"version-history":[{"count":0,"href":"http:\/\/desarrollo.grupomedios.com\/futbol\/wp-json\/wp\/v2\/posts\/292544\/revisions"}],"wp:featuredmedia":[{"embeddable":true,"href":"http:\/\/desarrollo.grupomedios.com\/futbol\/wp-json\/wp\/v2\/media\/292548"}],"wp:attachment":[{"href":"http:\/\/desarrollo.grupomedios.com\/futbol\/wp-json\/wp\/v2\/media?parent=292544"}],"wp:term":[{"taxonomy":"category","embeddable":true,"href":"http:\/\/desarrollo.grupomedios.com\/futbol\/wp-json\/wp\/v2\/categories?post=292544"},{"taxonomy":"post_tag","embeddable":true,"href":"http:\/\/desarrollo.grupomedios.com\/futbol\/wp-json\/wp\/v2\/tags?post=292544"}],"curies":[{"name":"wp","href":"https:\/\/api.w.org\/{rel}","templated":true}]}}