{"id":292553,"date":"2015-07-12T12:49:04","date_gmt":"2015-07-12T17:49:04","guid":{"rendered":"http:\/\/futboltotal.com.mx\/?p=292553"},"modified":"2015-07-12T18:39:41","modified_gmt":"2015-07-12T23:39:41","slug":"ciro-immobile-refuerzo-del-sevilla","status":"publish","type":"post","link":"http:\/\/desarrollo.grupomedios.com\/futbol\/futbol-internacional\/ciro-immobile-refuerzo-del-sevilla\/2015\/07","title":{"rendered":"Ciro Immobile, refuerzo del Sevilla"},"content":{"rendered":"<p>El delantero italiano del <strong>Borussia Dortmund, Ciro Immobile<\/strong>, jugar\u00e1 en calidad de cedido con el <strong>Sevilla<\/strong> durante la siguiente temporada, anunciaron ambos clubes.<\/p>\n<p>Sevilla pag\u00f3 tres millones de euros por el pr\u00e9stamo del jugador que fue m\u00e1ximo goleador de la Serie A hace un par de temporadas con el <strong>Torino<\/strong>. Durante la \u00faltima temporada de Jurgen Klopp como entrenador del Borussia Dortmund, Ciro Immobile fue uno de los fichajes estrella del club.<\/p>\n<blockquote class=\"twitter-tweet\" lang=\"es\">\n<p lang=\"it\" dir=\"ltr\">Ciro Immobile, un punta de nivel para un <a href=\"https:\/\/twitter.com\/hashtag\/SevillaFC?src=hash\">#SevillaFC<\/a> de <a href=\"https:\/\/twitter.com\/LigadeCampeones\">@LigadeCampeones<\/a>: <a href=\"http:\/\/t.co\/EW4MBTACas\">http:\/\/t.co\/EW4MBTACas<\/a> <a href=\"http:\/\/t.co\/PvYsyuOkQ7\">pic.twitter.com\/PvYsyuOkQ7<\/a><\/p>\n<p>&mdash; Sevilla F\u00fatbol Club (@SevillaFC) <a href=\"https:\/\/twitter.com\/SevillaFC\/status\/620235495419867136\">julio 12, 2015<\/a><\/p><\/blockquote>\n<p><script async src=\"\/\/platform.twitter.com\/widgets.js\" charset=\"utf-8\"><\/script><\/p>\n<p>Durante la temporada pasada, Ciro Immobile marc\u00f3 10 goles en la temporada anterior con el cuadro alem\u00e1n. Sevilla necesit\u00f3 de los servicios de un delantero de nivel tras la salida de <strong>Carlos Bacca<\/strong> al Milan, quien se fue vendido en una transferencia millonaria.<\/p>\n<p>El fichaje de Immobile adem\u00e1s tiene un efecto no deseado para el mercado de un delantero mexicano, ya que se hab\u00eda mencionado a <strong>Javier Hern\u00e1ndez<\/strong> como posible fichaje del elenco sevillista, pero con la llegada del italiano al equipo espa\u00f1ol, las posibilidades se diluyen para que el atacante mexicano llegue nuevamente a La Liga la temporada que entra.<\/p>\n<p>Ciro Immobile, de 25 a\u00f1os de edad, es de la cantera de Juventus, y pas\u00f3 al Genoa de forma definitiva en el 2012. Un a\u00f1o m\u00e1s tarde, Torino lo compr\u00f3 y despeg\u00f3 como goleador. Ser\u00e1 el s\u00e9ptimo equipo de Immobile desde el 2010, pasando por Siena, Grosseto, Pescara, Genoa, Torino y el Borussia Dortmund.<\/p>\n","protected":false},"excerpt":{"rendered":"<p>El atacante italiano fue campe\u00f3n goleador de la Serie A en 2013-2014<\/p>\n","protected":false},"author":20,"featured_media":292554,"comment_status":"open","ping_status":"open","sticky":false,"template":"","format":"standard","meta":[],"categories":[3839,3844],"tags":[5758,4847,5759],"_links":{"self":[{"href":"http:\/\/desarrollo.grupomedios.com\/futbol\/wp-json\/wp\/v2\/posts\/292553"}],"collection":[{"href":"http:\/\/desarrollo.grupomedios.com\/futbol\/wp-json\/wp\/v2\/posts"}],"about":[{"href":"http:\/\/desarrollo.grupomedios.com\/futbol\/wp-json\/wp\/v2\/types\/post"}],"author":[{"embeddable":true,"href":"http:\/\/desarrollo.grupomedios.com\/futbol\/wp-json\/wp\/v2\/users\/20"}],"replies":[{"embeddable":true,"href":"http:\/\/desarrollo.grupomedios.com\/futbol\/wp-json\/wp\/v2\/comments?post=292553"}],"version-history":[{"count":0,"href":"http:\/\/desarrollo.grupomedios.com\/futbol\/wp-json\/wp\/v2\/posts\/292553\/revisions"}],"wp:featuredmedia":[{"embeddable":true,"href":"http:\/\/desarrollo.grupomedios.com\/futbol\/wp-json\/wp\/v2\/media\/292554"}],"wp:attachment":[{"href":"http:\/\/desarrollo.grupomedios.com\/futbol\/wp-json\/wp\/v2\/media?parent=292553"}],"wp:term":[{"taxonomy":"category","embeddable":true,"href":"http:\/\/desarrollo.grupomedios.com\/futbol\/wp-json\/wp\/v2\/categories?post=292553"},{"taxonomy":"post_tag","embeddable":true,"href":"http:\/\/desarrollo.grupomedios.com\/futbol\/wp-json\/wp\/v2\/tags?post=292553"}],"curies":[{"name":"wp","href":"https:\/\/api.w.org\/{rel}","templated":true}]}}