{"id":292579,"date":"2015-07-12T17:10:41","date_gmt":"2015-07-12T22:10:41","guid":{"rendered":"http:\/\/futboltotal.com.mx\/?p=292579"},"modified":"2015-07-12T17:10:41","modified_gmt":"2015-07-12T22:10:41","slug":"el-genial-video-que-sergio-ramos-dedico-a-iker-casillas","status":"publish","type":"post","link":"http:\/\/desarrollo.grupomedios.com\/futbol\/videos\/el-genial-video-que-sergio-ramos-dedico-a-iker-casillas\/2015\/07","title":{"rendered":"El genial video que Sergio Ramos dedic\u00f3 a Iker Casillas"},"content":{"rendered":"<p>Un domingo complicado se vivi\u00f3 en la sala del prensa del Real Madrid luego de la despedida muy emocional de <strong>Iker Casillas<\/strong> luego de 25 a\u00f1os con el equipo. El adi\u00f3s se dio en circunstancias dif\u00edciles y nada agradables para una leyenda de la talla del portero, sin embargo, <strong>Sergio Ramos<\/strong> tuvo un detalle genial con su amigo, al que tras una d\u00e9cada de compartir un sinf\u00edn de experiencias, no quer\u00eda dejar pasar la oportunidad para decirle cu\u00e1nto lo admira, lo quiere y atesora todos esos espl\u00e9ndidos instantes de felicidad y tambi\u00e9n, de tristeza. <\/p>\n<blockquote class=\"twitter-tweet\" lang=\"es\">\n<p lang=\"es\" dir=\"ltr\">10 a\u00f1os juntos y muchos, muchos momentos. Grande Capit\u00e1n, Gracias <a href=\"https:\/\/twitter.com\/CasillasWorld\">@CasillasWorld<\/a> <a href=\"https:\/\/twitter.com\/hashtag\/GraciasIker?src=hash\">#GraciasIker<\/a> <a href=\"https:\/\/t.co\/5xRIlOaS8J\">https:\/\/t.co\/5xRIlOaS8J<\/a><\/p>\n<p>&mdash; Sergio Ramos (@SergioRamos) <a href=\"https:\/\/twitter.com\/SergioRamos\/status\/620175385829986304\">julio 12, 2015<\/a><\/p><\/blockquote>\n<p><script async src=\"\/\/platform.twitter.com\/widgets.js\" charset=\"utf-8\"><\/script><\/p>\n","protected":false},"excerpt":{"rendered":"<p>Luego de 10 a\u00f1os juntos en la entidad merengue, sus caminos se bifurcar\u00e1n <\/p>\n","protected":false},"author":20,"featured_media":292580,"comment_status":"open","ping_status":"open","sticky":false,"template":"","format":"standard","meta":[],"categories":[4],"tags":[6019,5988,6020],"_links":{"self":[{"href":"http:\/\/desarrollo.grupomedios.com\/futbol\/wp-json\/wp\/v2\/posts\/292579"}],"collection":[{"href":"http:\/\/desarrollo.grupomedios.com\/futbol\/wp-json\/wp\/v2\/posts"}],"about":[{"href":"http:\/\/desarrollo.grupomedios.com\/futbol\/wp-json\/wp\/v2\/types\/post"}],"author":[{"embeddable":true,"href":"http:\/\/desarrollo.grupomedios.com\/futbol\/wp-json\/wp\/v2\/users\/20"}],"replies":[{"embeddable":true,"href":"http:\/\/desarrollo.grupomedios.com\/futbol\/wp-json\/wp\/v2\/comments?post=292579"}],"version-history":[{"count":0,"href":"http:\/\/desarrollo.grupomedios.com\/futbol\/wp-json\/wp\/v2\/posts\/292579\/revisions"}],"wp:featuredmedia":[{"embeddable":true,"href":"http:\/\/desarrollo.grupomedios.com\/futbol\/wp-json\/wp\/v2\/media\/292580"}],"wp:attachment":[{"href":"http:\/\/desarrollo.grupomedios.com\/futbol\/wp-json\/wp\/v2\/media?parent=292579"}],"wp:term":[{"taxonomy":"category","embeddable":true,"href":"http:\/\/desarrollo.grupomedios.com\/futbol\/wp-json\/wp\/v2\/categories?post=292579"},{"taxonomy":"post_tag","embeddable":true,"href":"http:\/\/desarrollo.grupomedios.com\/futbol\/wp-json\/wp\/v2\/tags?post=292579"}],"curies":[{"name":"wp","href":"https:\/\/api.w.org\/{rel}","templated":true}]}}