{"id":292582,"date":"2015-07-12T17:29:59","date_gmt":"2015-07-12T22:29:59","guid":{"rendered":"http:\/\/futboltotal.com.mx\/?p=292582"},"modified":"2015-07-12T17:31:03","modified_gmt":"2015-07-12T22:31:03","slug":"sale-schweinsteiger-y-entra-arturo-vidal-con-el-bayern-munich","status":"publish","type":"post","link":"http:\/\/desarrollo.grupomedios.com\/futbol\/futbol-internacional\/sale-schweinsteiger-y-entra-arturo-vidal-con-el-bayern-munich\/2015\/07","title":{"rendered":"Sale Schweinsteiger y entra Vidal con el Bayern Munich"},"content":{"rendered":"<p>El <strong>Bayern Munich<\/strong> no quiere esperar mucho para <a href=\"http:\/\/futboltotal.com.mx\/2015\/07\/schweinsteiger-ya-seria-del-manchester-united\/\">conseguir a un reemplazo de calidad para Bastian Schweinsteiger<\/a> en su mediocampo y tiene en la mira a <strong>Arturo Vidal<\/strong>. El destacado rendimiento exhibido por el jugador de la Juventus en la Copa Am\u00e9rica 2015 despert\u00f3 el inter\u00e9s de varios clubes del balompi\u00e9 europeo, entre ellos el Real Madrid, <a href=\"http:\/\/futboltotal.com.mx\/2015\/07\/salario-de-locos-para-vidal-si-llega-al-real-madrid\/\">quien ya tendr\u00eda un acuerdo econ\u00f3mico con el jugador<\/a>.<\/p>\n<p>Pese a ello, el portal<em> 90min.com<\/em> revel\u00f3 que <strong>Arturo Vidal<\/strong> aparece en el horizonte del conjunto b\u00e1varo, que espera sumar un refuerzo de calidad para tomar el lugar del seleccionado campe\u00f3n del Mundo con Alemania en la pasada Copa del Mundo.<\/p>\n<p>Bayern Munich acelerar\u00eda las gestiones en los pr\u00f3ximos d\u00edas para seducir al<em> Rey Arturo<\/em>, buscando superar as\u00ed la oferta que present\u00f3 el Real Madrid que seg\u00fan los reportes fue de 53 millones de euros. La aceleraci\u00f3n de los tr\u00e1mites se debe a que la Juventus ya indic\u00f3 que no negociar\u00e1 futbolistas m\u00e1s all\u00e1 del 31 de julio, que ser\u00eda el l\u00edmite para aquellos clubes interesados en hacerse de los servicios de Vidal, Pogba o cualquier otro elemento de los <em>Bianconeri<\/em>.<\/p>\n<p>De concretarse el fichaje de <strong>Arturo Vidal<\/strong> al Bayern Munich, el jugador vivir\u00e1 su segunda experiencia en la Bundesliga pues ya visti\u00f3 la el\u00e1stica del Bayer Leverkusen durante el periodo 2007-2011.<\/p>\n","protected":false},"excerpt":{"rendered":"<p>El Bayern Munich se adelantar\u00eda al Real Madrid para conseguir los servicios del chileno <\/p>\n","protected":false},"author":20,"featured_media":292583,"comment_status":"open","ping_status":"open","sticky":false,"template":"","format":"standard","meta":[],"categories":[3839,3844],"tags":[2962,5746,2056,5999],"_links":{"self":[{"href":"http:\/\/desarrollo.grupomedios.com\/futbol\/wp-json\/wp\/v2\/posts\/292582"}],"collection":[{"href":"http:\/\/desarrollo.grupomedios.com\/futbol\/wp-json\/wp\/v2\/posts"}],"about":[{"href":"http:\/\/desarrollo.grupomedios.com\/futbol\/wp-json\/wp\/v2\/types\/post"}],"author":[{"embeddable":true,"href":"http:\/\/desarrollo.grupomedios.com\/futbol\/wp-json\/wp\/v2\/users\/20"}],"replies":[{"embeddable":true,"href":"http:\/\/desarrollo.grupomedios.com\/futbol\/wp-json\/wp\/v2\/comments?post=292582"}],"version-history":[{"count":0,"href":"http:\/\/desarrollo.grupomedios.com\/futbol\/wp-json\/wp\/v2\/posts\/292582\/revisions"}],"wp:featuredmedia":[{"embeddable":true,"href":"http:\/\/desarrollo.grupomedios.com\/futbol\/wp-json\/wp\/v2\/media\/292583"}],"wp:attachment":[{"href":"http:\/\/desarrollo.grupomedios.com\/futbol\/wp-json\/wp\/v2\/media?parent=292582"}],"wp:term":[{"taxonomy":"category","embeddable":true,"href":"http:\/\/desarrollo.grupomedios.com\/futbol\/wp-json\/wp\/v2\/categories?post=292582"},{"taxonomy":"post_tag","embeddable":true,"href":"http:\/\/desarrollo.grupomedios.com\/futbol\/wp-json\/wp\/v2\/tags?post=292582"}],"curies":[{"name":"wp","href":"https:\/\/api.w.org\/{rel}","templated":true}]}}