{"id":292793,"date":"2015-07-13T14:24:13","date_gmt":"2015-07-13T19:24:13","guid":{"rendered":"http:\/\/futboltotal.com.mx\/?p=292793"},"modified":"2015-07-13T14:25:16","modified_gmt":"2015-07-13T19:25:16","slug":"gerson-reforzara-al-barcelona","status":"publish","type":"post","link":"http:\/\/desarrollo.grupomedios.com\/futbol\/futbol-internacional\/gerson-reforzara-al-barcelona\/2015\/07","title":{"rendered":"Gerson reforzar\u00e1 al Barcelona"},"content":{"rendered":"<p><strong>Gerson dos Santos<\/strong>, futbolista brasile\u00f1o que milita en el <strong>Fluminense<\/strong>, es uno de los protagonistas para reforzar la media del <strong>Barcelona<\/strong> en el pr\u00f3ximo mercado invernal.\u00a0<strong>Marco Antonio Da Silva <\/strong><em>Marcao<\/em>, padre del jugador, confirm\u00f3 que su hijo vestir\u00e1 la playera <em>cul\u00e9<\/em> el pr\u00f3ximo mes de enero.<\/p>\n<p>A pesar de que Gerson tiene contrato con el <em>Flu<\/em> hasta el verano del 2019, los <em>Azulgranas<\/em> pagaron 3.5 millones de euros para ser los primeros en negociar su fichaje. Ante esta situaci\u00f3n, <em>Marcao<\/em> subray\u00f3 que el primer fichaje que realizar\u00e1 el <strong>Barcelona<\/strong> luego de la sanci\u00f3n impuesta por la FIFA ser\u00e1 la contrataci\u00f3n de dos Santos.<\/p>\n<p>\u201c<strong>Gerson\u00a0<\/strong>se quedar\u00e1 ahora en el Fluminense y en enero jugar\u00e1 en el Bar\u00e7a. Agradecemos el inter\u00e9s de los otros equipos, pues es se\u00f1al de que mi hijo est\u00e1 haciendo bien las cosas, pero nuestra decisi\u00f3n est\u00e1 tomada:\u00a0<strong>Gerson\u00a0<\/strong>quiere jugar en el Barcelona, es su sue\u00f1o\u201d,\u00a0destac\u00f3 el pare del jugador en declraciones para <em>Mundo Deportivo.<\/em><\/p>\n<p>Esta declaraci\u00f3n, reafirma las palabras que realiz\u00f3 el 7 de julio, <strong>Peter Siemsen<\/strong>,\u00a0presidente del <strong>Fluminense<\/strong>, en donde aclar\u00f3 que el \u00a0<em>Bar\u00e7a<\/em> debe estar tranquilo por Gerson, ya que no piensan tratar con alg\u00fan otro club intereado en ficharlo, entre ellos Juventus y <strong>Manchester City<\/strong>.<\/p>\n<p>Da Silva estableci\u00f3 que a\u00fan no existe un acuerdo pactado con el Barcelona, sin embargo; se\u00f1al\u00f3 que &#8220;tanto el Fluminense, como el jugador y el Barcelona saldr\u00e1n beneficiados con el traspaso\u201d, acot\u00f3.<\/p>\n<p><iframe loading=\"lazy\" src=\"https:\/\/www.youtube.com\/embed\/DdjCcbEDhNE?feature=oembed\" frameborder=\"0\" allowfullscreen><\/iframe><\/p>\n","protected":false},"excerpt":{"rendered":"<p>El brasile\u00f1o ser\u00e1 el primer refuerzo cul\u00e9 en el mercado invernal<\/p>\n","protected":false},"author":20,"featured_media":292794,"comment_status":"open","ping_status":"open","sticky":false,"template":"","format":"standard","meta":[],"categories":[3839,3844],"tags":[5984,402,5681],"_links":{"self":[{"href":"http:\/\/desarrollo.grupomedios.com\/futbol\/wp-json\/wp\/v2\/posts\/292793"}],"collection":[{"href":"http:\/\/desarrollo.grupomedios.com\/futbol\/wp-json\/wp\/v2\/posts"}],"about":[{"href":"http:\/\/desarrollo.grupomedios.com\/futbol\/wp-json\/wp\/v2\/types\/post"}],"author":[{"embeddable":true,"href":"http:\/\/desarrollo.grupomedios.com\/futbol\/wp-json\/wp\/v2\/users\/20"}],"replies":[{"embeddable":true,"href":"http:\/\/desarrollo.grupomedios.com\/futbol\/wp-json\/wp\/v2\/comments?post=292793"}],"version-history":[{"count":0,"href":"http:\/\/desarrollo.grupomedios.com\/futbol\/wp-json\/wp\/v2\/posts\/292793\/revisions"}],"wp:featuredmedia":[{"embeddable":true,"href":"http:\/\/desarrollo.grupomedios.com\/futbol\/wp-json\/wp\/v2\/media\/292794"}],"wp:attachment":[{"href":"http:\/\/desarrollo.grupomedios.com\/futbol\/wp-json\/wp\/v2\/media?parent=292793"}],"wp:term":[{"taxonomy":"category","embeddable":true,"href":"http:\/\/desarrollo.grupomedios.com\/futbol\/wp-json\/wp\/v2\/categories?post=292793"},{"taxonomy":"post_tag","embeddable":true,"href":"http:\/\/desarrollo.grupomedios.com\/futbol\/wp-json\/wp\/v2\/tags?post=292793"}],"curies":[{"name":"wp","href":"https:\/\/api.w.org\/{rel}","templated":true}]}}