{"id":292798,"date":"2015-07-13T12:03:04","date_gmt":"2015-07-13T17:03:04","guid":{"rendered":"http:\/\/futboltotal.com.mx\/?p=292798"},"modified":"2015-07-13T12:13:06","modified_gmt":"2015-07-13T17:13:06","slug":"luca-zidane-marca-golazo-en-partido-de-futsal","status":"publish","type":"post","link":"http:\/\/desarrollo.grupomedios.com\/futbol\/futbol-internacional\/luca-zidane-marca-golazo-en-partido-de-futsal\/2015\/07","title":{"rendered":"Luca Zidane marca golazo en partido de futsal"},"content":{"rendered":"<p><strong>Zinedine Zidane<\/strong> y su hijo Luca participaron en un duelo de futbol sala (futsal) en Dubai el pasado fin de semana, donde tanto padre como hijo maravillaron en la funci\u00f3n de futbol en el Medio Oriente.<\/p>\n<p>El siguiente video muestra a Luca, actualmente en la <strong>Juvenil B de Real Madrid<\/strong> (\u00a1como portero adem\u00e1s!) deleit\u00f3 con una ruleta de crack, burlando a sus oponentes y una definici\u00f3n que volvi\u00f3 locos a los que se juntaron a ver el espect\u00e1culo de la familia Zidane.<\/p>\n<blockquote class=\"twitter-tweet\" lang=\"es\">\n<p dir=\"ltr\" lang=\"es\">Luca ZIDANE. Lo lleva en la sangre. <a href=\"http:\/\/t.co\/kuAGkNFodf\">pic.twitter.com\/kuAGkNFodf<\/a><\/p>\n<p>\u2014 FUTBOLERO (@Futbolero_10_) <a href=\"https:\/\/twitter.com\/Futbolero_10_\/status\/619924771116032000\">julio 11, 2015<\/a><\/p><\/blockquote>\n<p><script src=\"\/\/platform.twitter.com\/widgets.js\" async=\"\" charset=\"utf-8\"><\/script><br \/>\nLuca y su hermano Enzo se encuentran actualmente en las filiales de Real Madrid, donde su padre es el entrenador del Real Madrid Castilla. Zinedine, a sus 43 a\u00f1os, tambi\u00e9n mostr\u00f3 detalles de crack que no se le escapan a pesar de haberse retirado hace casi ya una d\u00e9cada.<\/p>\n<p>Luca Zidane es seleccionado de Francia en la selecci\u00f3n Sub-17, y se coron\u00f3 campe\u00f3n del campeonato europeo en esa categor\u00eda este a\u00f1o, un torneo donde su equipo apenas recibi\u00f3 dos goles. Por esto, Luca Zidane fue seleccionado como el mejor portero del certamen, perfil\u00e1ndose adem\u00e1s para ser el portero titular de Francia cuando esta selecci\u00f3n dispute el Mundial Sub-17 en Chile este a\u00f1o.<\/p>\n","protected":false},"excerpt":{"rendered":"<p>El portero de las inferiores de Real Madrid ejecut\u00f3 detalle de crack<\/p>\n","protected":false},"author":20,"featured_media":292801,"comment_status":"open","ping_status":"open","sticky":false,"template":"","format":"standard","meta":[],"categories":[3839,3844],"tags":[5988,2943],"_links":{"self":[{"href":"http:\/\/desarrollo.grupomedios.com\/futbol\/wp-json\/wp\/v2\/posts\/292798"}],"collection":[{"href":"http:\/\/desarrollo.grupomedios.com\/futbol\/wp-json\/wp\/v2\/posts"}],"about":[{"href":"http:\/\/desarrollo.grupomedios.com\/futbol\/wp-json\/wp\/v2\/types\/post"}],"author":[{"embeddable":true,"href":"http:\/\/desarrollo.grupomedios.com\/futbol\/wp-json\/wp\/v2\/users\/20"}],"replies":[{"embeddable":true,"href":"http:\/\/desarrollo.grupomedios.com\/futbol\/wp-json\/wp\/v2\/comments?post=292798"}],"version-history":[{"count":0,"href":"http:\/\/desarrollo.grupomedios.com\/futbol\/wp-json\/wp\/v2\/posts\/292798\/revisions"}],"wp:featuredmedia":[{"embeddable":true,"href":"http:\/\/desarrollo.grupomedios.com\/futbol\/wp-json\/wp\/v2\/media\/292801"}],"wp:attachment":[{"href":"http:\/\/desarrollo.grupomedios.com\/futbol\/wp-json\/wp\/v2\/media?parent=292798"}],"wp:term":[{"taxonomy":"category","embeddable":true,"href":"http:\/\/desarrollo.grupomedios.com\/futbol\/wp-json\/wp\/v2\/categories?post=292798"},{"taxonomy":"post_tag","embeddable":true,"href":"http:\/\/desarrollo.grupomedios.com\/futbol\/wp-json\/wp\/v2\/tags?post=292798"}],"curies":[{"name":"wp","href":"https:\/\/api.w.org\/{rel}","templated":true}]}}