{"id":292850,"date":"2015-07-14T10:35:34","date_gmt":"2015-07-14T15:35:34","guid":{"rendered":"http:\/\/futboltotal.com.mx\/?p=292850"},"modified":"2015-07-19T17:57:22","modified_gmt":"2015-07-19T22:57:22","slug":"legendarios-cracks-cambian-de-club","status":"publish","type":"post","link":"http:\/\/desarrollo.grupomedios.com\/futbol\/destacado-home\/legendarios-cracks-cambian-de-club\/2015\/07","title":{"rendered":"Legendarios cracks cambian de club"},"content":{"rendered":"<p>2015 qued\u00f3 marcado por el cierre de cinco etapas de hombres que pusieron fin a un ciclo dorado. Dejaron los clubes donde pasaron toda o la mayor parte de su vida y se consagraron leyendas del futbol contempor\u00e1neo. Todos defendieron la camiseta durante m\u00e1s de una d\u00e9cada y algunos tuvieron la fortuna de portarla durante m\u00e1s de dos. La pr\u00f3xima temporada ser\u00e1 dif\u00edcil verlos con otra camiseta&#8230; Xavi, Steven, Bastian, Petr e Iker tomaron el \u00faltimo tren que los llevar\u00e1 a la antesala del Olimpo, sitio al que alguna vez llegar\u00e1n tras anunciar definitivamente su retiro.<\/p>\n<p><strong>Xavi Hern\u00e1ndez | Barcelona<\/strong><\/p>\n<p>&#8220;A veces habl\u00e1bamos con Andr\u00e9s Iniesta y con V\u00edctor Vald\u00e9s de ganar cinco Champions y diez Ligas\u2026&#8221;, confes\u00f3 Xavi Hern\u00e1ndez el 21 de mayo de 2015, casi dos meses despu\u00e9s de que el Al Sadd revelara que lo hab\u00eda elegido como fichaje estrella por cinco temporadas y al mismo tiempo como l\u00edder del proyecto de la Academia del club.<\/p>\n<p>En aquel discurso nost\u00e1lgico pronunciado en la sala del Camp Nou, el dorsal 6\u00a0le puso fin a un ciclo legendario con los <em>Cul\u00e9s <\/em>que dur\u00f3 17 temporadas. A esas alturas, el Barcelona solo ten\u00eda la Liga en la bolsa y por delante las Finales de la Champions y la Copa del Rey. &#8220;Ser\u00eda irrepetible irme con el Triplete&#8221;, dijo.<\/p>\n<p>La haza\u00f1a la consigui\u00f3 para cerrar con broche de oro y partir por la puerta grande, como un gigante: con 24 t\u00edtulos ganados y con el r\u00e9cord de 766 partidos con el club catal\u00e1n. &#8220;Me falt\u00f3 hacer un Hat-Trick y una chilena&#8221;, apunt\u00f3. Quiz\u00e1 un d\u00eda lo consiga: &#8220;Me voy para prerarame. Alg\u00fan d\u00eda volver\u00e9. De entrenador, de director deportivo, de lo que sea&#8221;.<span id=\"sel_1436819688478_508544873038246\"><\/span><\/p>\n<div id=\"gallerySMO\" style=\"display:none;\"><img alt=\"\" src=\"http:\/\/desarrollo.grupomedios.com\/futbol\/wp-content\/uploads\/2015\/07\/Xavi-1.jpg\" data-image=\"http:\/\/desarrollo.grupomedios.com\/futbol\/wp-content\/uploads\/2015\/07\/Xavi-1.jpg\" data-description=\"Xavi-1\"><img alt=\"\" src=\"http:\/\/desarrollo.grupomedios.com\/futbol\/wp-content\/uploads\/2015\/07\/Xavi-2.jpg\" data-image=\"http:\/\/desarrollo.grupomedios.com\/futbol\/wp-content\/uploads\/2015\/07\/Xavi-2.jpg\" data-description=\"Xavi-2\"><img alt=\"\" src=\"http:\/\/desarrollo.grupomedios.com\/futbol\/wp-content\/uploads\/2015\/07\/Xavi-4.jpg\" data-image=\"http:\/\/desarrollo.grupomedios.com\/futbol\/wp-content\/uploads\/2015\/07\/Xavi-4.jpg\" data-description=\"Xavi-4\"><img alt=\"\" src=\"http:\/\/desarrollo.grupomedios.com\/futbol\/wp-content\/uploads\/2015\/07\/Xavi-3.jpg\" data-image=\"http:\/\/desarrollo.grupomedios.com\/futbol\/wp-content\/uploads\/2015\/07\/Xavi-3.jpg\" data-description=\"Xavi-3\"><img alt=\"\" src=\"http:\/\/desarrollo.grupomedios.com\/futbol\/wp-content\/uploads\/2015\/07\/Xavi-5.jpg\" data-image=\"http:\/\/desarrollo.grupomedios.com\/futbol\/wp-content\/uploads\/2015\/07\/Xavi-5.jpg\" data-description=\"Xavi-5\"><\/div>\n        <script>\n        \/\/galeria 1\n        jQuery(document).ready(function(){ \n            var api;\n            api = jQuery(\"#gallerySMO\").unitegallery({\n                carousel_autoplay: false\n            }); \n        });\n        <\/script>\n        \n<p><strong><span id=\"sel_1436819528843_6367799124770102\"><\/span>Steven Gerrard | Liverpool<\/strong><\/p>\n<p>Debajo de las butacas de Anfield Road hab\u00eda una cartulina que los aficionados del Liverpool deb\u00edan tomar y elevar en un acto memorable, una ocasi\u00f3n \u00fanica: era hora de despedir a Steven Gerrard, el eterno capit\u00e1n que a principios de a\u00f1o confirm\u00f3 que no seguir\u00eda en el club para la siguiente temporada.<\/p>\n<p>El 16 de mayo ante Crystal Palace, Gerrard luc\u00eda impecable. Con botas y camiseta conmemorativa y la compa\u00f1\u00eda de sus tres hijas Lourdes, Lexie y Lilly-Ella salt\u00f3 a Anfield para recibir una ovaci\u00f3n memorable de 44 673 asistentes. Los<em> Reds <\/em>y el rival le hicieron pasillo, mientras la grada de Anfield elev\u00f3 las cartulinas para formar dos mosaicos con la leyenda &#8220;Captain&#8221; y &#8220;S8G&#8221;, las iniciales de su nombre y el dorsal que siempre le acompa\u00f1\u00f3.<\/p>\n<p>&#8220;Estoy devastado. Pero antes de irme, antes de que aparezcan las l\u00e1grimas, quiero decir que he jugado frente a la mayor\u00eda de aficiones del mundo y d\u00e9jenme decirles que ustedes son los mejores&#8221;, dijo Gerrard el d\u00eda de su despedida, cuando por \u00faltima vez dio la vuelta ol\u00edmpica a Anfield y escuch\u00f3 a miles de <em>Reds <\/em>cantarle el &#8220;You&#8217;ll never Walk Alone&#8221;.<\/p>\n<div id=\"gallery7Kp\" style=\"display:none;\"><img alt=\"\" src=\"http:\/\/desarrollo.grupomedios.com\/futbol\/wp-content\/uploads\/2015\/07\/Steve-3.jpg\" data-image=\"http:\/\/desarrollo.grupomedios.com\/futbol\/wp-content\/uploads\/2015\/07\/Steve-3.jpg\" data-description=\"Steve-3\"><img alt=\"\" src=\"http:\/\/desarrollo.grupomedios.com\/futbol\/wp-content\/uploads\/2015\/07\/Steve-2.jpg\" data-image=\"http:\/\/desarrollo.grupomedios.com\/futbol\/wp-content\/uploads\/2015\/07\/Steve-2.jpg\" data-description=\"Steve-2\"><img alt=\"\" src=\"http:\/\/desarrollo.grupomedios.com\/futbol\/wp-content\/uploads\/2015\/07\/steve-1.jpg\" data-image=\"http:\/\/desarrollo.grupomedios.com\/futbol\/wp-content\/uploads\/2015\/07\/steve-1.jpg\" data-description=\"steve-1\"><img alt=\"\" src=\"http:\/\/desarrollo.grupomedios.com\/futbol\/wp-content\/uploads\/2015\/07\/Steve-4.jpg\" data-image=\"http:\/\/desarrollo.grupomedios.com\/futbol\/wp-content\/uploads\/2015\/07\/Steve-4.jpg\" data-description=\"Steve-4\"><img alt=\"\" src=\"http:\/\/desarrollo.grupomedios.com\/futbol\/wp-content\/uploads\/2015\/07\/Steve-6.jpg\" data-image=\"http:\/\/desarrollo.grupomedios.com\/futbol\/wp-content\/uploads\/2015\/07\/Steve-6.jpg\" data-description=\"Steve-6\"><img alt=\"\" src=\"http:\/\/desarrollo.grupomedios.com\/futbol\/wp-content\/uploads\/2015\/07\/Steve-5.jpg\" data-image=\"http:\/\/desarrollo.grupomedios.com\/futbol\/wp-content\/uploads\/2015\/07\/Steve-5.jpg\" data-description=\"Steve-5\"><\/div>\n        <script>\n        \/\/galeria 1\n        jQuery(document).ready(function(){ \n            var api;\n            api = jQuery(\"#gallery7Kp\").unitegallery({\n                carousel_autoplay: false\n            }); \n        });\n        <\/script>\n        \n<p><strong>Petr Cech | Chelsea<\/strong><\/p>\n<p>Los <em>Blues<\/em> encontraron en el checo a un fichaje r\u00e9cord, a un legendario portero (logr\u00f3 25 distinciones individuales) que escolt\u00f3 al legendario\u00a0Bonetti, como el segundo portero con m\u00e1s partidos disputados (478). Arrib\u00f3 a Londres para defender la porter\u00eda del Chelsea con la vida misma. De ello dio prueba en 2006 cuando sufri\u00f3 una fractura de cr\u00e1neo despu\u00e9s de una salida para evitar que Stephen Hunt pudiera llevarse el esf\u00e9rico y centrara el bal\u00f3n.<\/p>\n<p>Fue pilar indiscutible durante 10 temporadas en el equipo y vital\u00a0para la conquista de 15 de los 16 t\u00edtulos totales que gan\u00f3 el Chelsea en su regreso a la \u00e9lite a partir de 2004. Decidi\u00f3 cambiar de barrio para ir a Holloway con el Arsenal, club que intent\u00f3 ficharlo desde 2002 cuando estaba en eclosi\u00f3n. Se march\u00f3 despu\u00e9s de que Jos\u00e9 Mourinho, el mismo t\u00e9cnico que un d\u00eda le otorg\u00f3 la titularidad, lo relegara al banquillo en el ocaso de su carrera y ante la llegada del Thibaut Courtois.<\/p>\n<p>&#8220;Pens\u00e9 que esto nunca pasar\u00eda pero ha llegado la hora de decir adi\u00f3s al Chelsea Football Club. El equipo en el que he vivido cada minuto desde que llegu\u00e9 en julio de 2004, donde pens\u00e9 que colgar\u00eda mis guantes y botas el d\u00eda que acabase mi carrera. Pero la vida no siempre te lleva por el camino que piensas&#8221;, expres\u00f3 Cech a la afici\u00f3n blue mediante una carta publicada tras anunciar su fichaje por los <em>Ca\u00f1oneros<\/em>.<\/p>\n<div id=\"galleryo3e\" style=\"display:none;\"><img alt=\"\" src=\"http:\/\/desarrollo.grupomedios.com\/futbol\/wp-content\/uploads\/2015\/07\/Cehc-3.jpg\" data-image=\"http:\/\/desarrollo.grupomedios.com\/futbol\/wp-content\/uploads\/2015\/07\/Cehc-3.jpg\" data-description=\"Cehc-3\"><img alt=\"\" src=\"http:\/\/desarrollo.grupomedios.com\/futbol\/wp-content\/uploads\/2015\/07\/Cech-1.jpg\" data-image=\"http:\/\/desarrollo.grupomedios.com\/futbol\/wp-content\/uploads\/2015\/07\/Cech-1.jpg\" data-description=\"Cech-1\"><img alt=\"\" src=\"http:\/\/desarrollo.grupomedios.com\/futbol\/wp-content\/uploads\/2015\/07\/Cech-4.jpg\" data-image=\"http:\/\/desarrollo.grupomedios.com\/futbol\/wp-content\/uploads\/2015\/07\/Cech-4.jpg\" data-description=\"Cech-4\"><img alt=\"\" src=\"http:\/\/desarrollo.grupomedios.com\/futbol\/wp-content\/uploads\/2015\/07\/Cech-2.jpg\" data-image=\"http:\/\/desarrollo.grupomedios.com\/futbol\/wp-content\/uploads\/2015\/07\/Cech-2.jpg\" data-description=\"Cech-2\"><\/div>\n        <script>\n        \/\/galeria 1\n        jQuery(document).ready(function(){ \n            var api;\n            api = jQuery(\"#galleryo3e\").unitegallery({\n                carousel_autoplay: false\n            }); \n        });\n        <\/script>\n        \n<p><strong>Bastian Schweinsteiger | Bayern M\u00fanich<\/strong><\/p>\n<p>&#8220;Formar a los jugadores, hacerles progresar, es una satisfacci\u00f3n&#8221;. Esa es una de las frases que distinguen al holand\u00e9s Louis Van Gaal, el entrenador que hoy ha vuelto a mirar a su exequipo, Bayern M\u00fanich, para solicitar un fichaje de envergadura para el Manchester United: el centrocampista alem\u00e1n Bastian Schweinsteiger.<\/p>\n<p>Lou\u00a0movi\u00f3 cielo, mar y tierra para que los <em>Diablos<\/em> pagaran 20 millones de euros y se llevaran al\u00a0fussballgott\u00a0del mediocampo, al que entren\u00f3 un d\u00eda en Baviera y le ense\u00f1\u00f3 el oficio de centrocampista puro. Bastian, de 30 a\u00f1os, tiene linaje de estrella y por voluntad propia (no tuvo problemas con Guardiola) pidi\u00f3 a la directiva del Bayern le permitiera tomar un segundo aire.<\/p>\n<p><em>Basti<\/em>, el chico que hasta los 12 a\u00f1os visti\u00f3 las vitrinas de las tiendas de deportes de sus padres con trofeos ganados en esqu\u00ed, se fue del Bayern M\u00fanich con 17 t\u00edtulos conquistados en 17 a\u00f1os. Ocho de ellos son de Bundesliga y lo hacen colocar su nombre al lado de figuras como Khan y Scholl. En el Bayern nunca le olvidar\u00e1n. &#8220;Siempre tendr\u00e1 la puerta abierta.\u00a0Entiendo que esta situaci\u00f3n genere discusiones entre los seguidores, pero tendr\u00edamos un coraz\u00f3n de piedra si le oblig\u00e1ramos a quedarse&#8221;, explic\u00f3\u00a0Rummenigge, dirigente del Bayern, que un d\u00eda hizo lo mismo cuando parti\u00f3 al Inter de Mil\u00e1n tras 10 a\u00f1os con el conjunto muniqu\u00e9s.<\/p>\n<div id=\"galleryL6G\" style=\"display:none;\"><img alt=\"\" src=\"http:\/\/desarrollo.grupomedios.com\/futbol\/wp-content\/uploads\/2015\/07\/Bastian-3.jpg\" data-image=\"http:\/\/desarrollo.grupomedios.com\/futbol\/wp-content\/uploads\/2015\/07\/Bastian-3.jpg\" data-description=\"Bastian-3\"><img alt=\"\" src=\"http:\/\/desarrollo.grupomedios.com\/futbol\/wp-content\/uploads\/2015\/07\/Bastian-2.jpg\" data-image=\"http:\/\/desarrollo.grupomedios.com\/futbol\/wp-content\/uploads\/2015\/07\/Bastian-2.jpg\" data-description=\"Bastian-2\"><img alt=\"\" src=\"http:\/\/desarrollo.grupomedios.com\/futbol\/wp-content\/uploads\/2015\/07\/Bastian-4.jpg\" data-image=\"http:\/\/desarrollo.grupomedios.com\/futbol\/wp-content\/uploads\/2015\/07\/Bastian-4.jpg\" data-description=\"Bastian-4\"><img alt=\"\" src=\"http:\/\/desarrollo.grupomedios.com\/futbol\/wp-content\/uploads\/2015\/07\/Bastian-5.jpg\" data-image=\"http:\/\/desarrollo.grupomedios.com\/futbol\/wp-content\/uploads\/2015\/07\/Bastian-5.jpg\" data-description=\"Bastian-5\"><img alt=\"\" src=\"http:\/\/desarrollo.grupomedios.com\/futbol\/wp-content\/uploads\/2015\/07\/Bastian-1.jpg\" data-image=\"http:\/\/desarrollo.grupomedios.com\/futbol\/wp-content\/uploads\/2015\/07\/Bastian-1.jpg\" data-description=\"Bastian-1\"><\/div>\n        <script>\n        \/\/galeria 1\n        jQuery(document).ready(function(){ \n            var api;\n            api = jQuery(\"#galleryL6G\").unitegallery({\n                carousel_autoplay: false\n            }); \n        });\n        <\/script>\n        \n<p><strong>Iker Casillas | Real Madrid<\/strong><\/p>\n<p>No todas las despedidas son gratas en Chamart\u00edn. Hace unos a\u00f1os Ra\u00fal Gonz\u00e1lez, el rey del gol, puso fin a su ciclo con los <em>Blancos<\/em> y se fue de la misma forma que Iker Casillas: sin raz\u00f3n alguna ante la voluntad de vestir una sola camiseta. Ambos se fueron de la manera m\u00e1s intempestiva, sobre todo despu\u00e9s de haber dejado una vida entera en el club. Iker fue testigo en su momento y para su mala fortuna ahora lo vivi\u00f3 en carne propia.<\/p>\n<p>&#8220;Iker nos deja porque ese ha sido su deseo.\u00a0Nadie del Real Madrid le ha pedido que dejase el club&#8221;, dijo Florentino Per\u00e9z para justificar la marcha de Casillas, cuya\u00a0\u00faltima postal en el Bernab\u00e9u ser\u00e1 inolvidable: antes de ir al Porto a vivir los \u00faltimos a\u00f1os de su plet\u00f3rica carrera, el de M\u00f3stoles recorri\u00f3 el c\u00e9sped del coloso y pos\u00f3 con los\u00a019 t\u00edtulos que gan\u00f3 en 16 temporadas con el primer equipo.<\/p>\n<p>Un d\u00eda antes, el 12 de julio, Casillas dio una rueda de prensa en la que las l\u00e1grimas lo dominaron tras anunciar su salida de la entidad que lo vio nacer. En la sala de prensa del Bernab\u00e9u cogi\u00f3 un par de hojas con un emotivo discurso que pronunci\u00f3 entre suspiros, melancol\u00eda desbordada y con un nudo en la garganta. La frase con la que el gigante dijo adi\u00f3s ser\u00e1 eterna:\u00a0&#8220;Gracias, gracias, miles de gracias. Nunca podr\u00e9 olvidar. All\u00e1 donde vaya seguir\u00e9 gritando \u2018\u00a1Hala Madrid!&#8221;.<\/p>\n<div id=\"galleryxkX\" style=\"display:none;\"><img alt=\"\" src=\"http:\/\/desarrollo.grupomedios.com\/futbol\/wp-content\/uploads\/2015\/07\/Iker-1.jpg\" data-image=\"http:\/\/desarrollo.grupomedios.com\/futbol\/wp-content\/uploads\/2015\/07\/Iker-1.jpg\" data-description=\"Iker-1\"><img alt=\"\" src=\"http:\/\/desarrollo.grupomedios.com\/futbol\/wp-content\/uploads\/2015\/07\/Iker-22.jpg\" data-image=\"http:\/\/desarrollo.grupomedios.com\/futbol\/wp-content\/uploads\/2015\/07\/Iker-22.jpg\" data-description=\"Iker-2\"><img alt=\"\" src=\"http:\/\/desarrollo.grupomedios.com\/futbol\/wp-content\/uploads\/2015\/07\/Despedida-Iker-3.jpg\" data-image=\"http:\/\/desarrollo.grupomedios.com\/futbol\/wp-content\/uploads\/2015\/07\/Despedida-Iker-3.jpg\" data-description=\"Despedida-Iker-3\"><img alt=\"\" src=\"http:\/\/desarrollo.grupomedios.com\/futbol\/wp-content\/uploads\/2015\/07\/Despedida-Iker-1.jpg\" data-image=\"http:\/\/desarrollo.grupomedios.com\/futbol\/wp-content\/uploads\/2015\/07\/Despedida-Iker-1.jpg\" data-description=\"Despedida-Iker-1\"><img alt=\"\" src=\"http:\/\/desarrollo.grupomedios.com\/futbol\/wp-content\/uploads\/2015\/07\/Iker-3.jpg\" data-image=\"http:\/\/desarrollo.grupomedios.com\/futbol\/wp-content\/uploads\/2015\/07\/Iker-3.jpg\" data-description=\"Iker-3\"><\/div>\n        <script>\n        \/\/galeria 1\n        jQuery(document).ready(function(){ \n            var api;\n            api = jQuery(\"#galleryxkX\").unitegallery({\n                carousel_autoplay: false\n            }); \n        });\n        <\/script>\n        \n","protected":false},"excerpt":{"rendered":"<p>Cinco estrellas del futbol mundial dejan su amado equipo para tomar un segundo aire<\/p>\n","protected":false},"author":20,"featured_media":293096,"comment_status":"open","ping_status":"open","sticky":false,"template":"","format":"standard","meta":[],"categories":[5,3839],"tags":[5776,3419,4847,6019,560,1726],"_links":{"self":[{"href":"http:\/\/desarrollo.grupomedios.com\/futbol\/wp-json\/wp\/v2\/posts\/292850"}],"collection":[{"href":"http:\/\/desarrollo.grupomedios.com\/futbol\/wp-json\/wp\/v2\/posts"}],"about":[{"href":"http:\/\/desarrollo.grupomedios.com\/futbol\/wp-json\/wp\/v2\/types\/post"}],"author":[{"embeddable":true,"href":"http:\/\/desarrollo.grupomedios.com\/futbol\/wp-json\/wp\/v2\/users\/20"}],"replies":[{"embeddable":true,"href":"http:\/\/desarrollo.grupomedios.com\/futbol\/wp-json\/wp\/v2\/comments?post=292850"}],"version-history":[{"count":0,"href":"http:\/\/desarrollo.grupomedios.com\/futbol\/wp-json\/wp\/v2\/posts\/292850\/revisions"}],"wp:featuredmedia":[{"embeddable":true,"href":"http:\/\/desarrollo.grupomedios.com\/futbol\/wp-json\/wp\/v2\/media\/293096"}],"wp:attachment":[{"href":"http:\/\/desarrollo.grupomedios.com\/futbol\/wp-json\/wp\/v2\/media?parent=292850"}],"wp:term":[{"taxonomy":"category","embeddable":true,"href":"http:\/\/desarrollo.grupomedios.com\/futbol\/wp-json\/wp\/v2\/categories?post=292850"},{"taxonomy":"post_tag","embeddable":true,"href":"http:\/\/desarrollo.grupomedios.com\/futbol\/wp-json\/wp\/v2\/tags?post=292850"}],"curies":[{"name":"wp","href":"https:\/\/api.w.org\/{rel}","templated":true}]}}