{"id":292870,"date":"2015-07-13T16:14:07","date_gmt":"2015-07-13T21:14:07","guid":{"rendered":"http:\/\/futboltotal.com.mx\/?p=292870"},"modified":"2015-07-13T16:18:25","modified_gmt":"2015-07-13T21:18:25","slug":"leon-gasto-de-mas-y-ahora-busca-patrocinio","status":"publish","type":"post","link":"http:\/\/desarrollo.grupomedios.com\/futbol\/futbol-mexicano\/leon-gasto-de-mas-y-ahora-busca-patrocinio\/2015\/07","title":{"rendered":"Le\u00f3n gast\u00f3 de m\u00e1s y ahora busca patrocinio"},"content":{"rendered":"<p>El <strong>Apertura 2015<\/strong> se aproxima y <strong><a href=\"http:\/\/www.futboltotal.com.mx\/equipos\/leon\/\" target=\"_blank\">Le\u00f3n<\/a><\/strong> busca un inversionista m\u00e1s para el club, pues gastaron de m\u00e1s en el r\u00e9gimen de transferencias. El patrocinador que busca <em>La Fiera<\/em> es el de principal aportaci\u00f3n, y requieren encontrarlo antes del inicio de la <a href=\"http:\/\/futboltotal.com.mx\/futbol-mexicano\/\" target=\"_blank\">Liga MX<\/a>, para poder subsanar lo que se desembolsaron en refuerzos.<\/p>\n<p>Los de <strong>Le\u00f3n<\/strong> buscan un patrocinador m\u00e1ster, ahora que la n\u00f3mina del club se ampli\u00f3 tras el Draft. La empresa que se una a los inversionistas del equipo, ir\u00eda estampada en el centro del jersey.<\/p>\n<p>\u201cSe renov\u00f3 ya a todos los patrocinios que tuvimos el a\u00f1o pasado y se sum\u00f3 uno m\u00e1s (un banco que tendr\u00e1 su logo en las calcetas), falta el m\u00e1ster, que es el que tiene explosi\u00f3n m\u00e1s medi\u00e1tica por su posici\u00f3n en la camiseta; estamos intentando negociar para que quede al inicio de la Liga MX\u201d, explic\u00f3 Alonso Lim\u00f3n, director de mercadotecnia del <strong>Le\u00f3n<\/strong>, en entrevista para ESPN.<\/p>\n<p>Incluso, se\u00f1al\u00f3 que adem\u00e1s de obtener los servicios de Diego Novaretti, Guillermo Burdisso, Jonathan Gonz\u00e1lez, Dar\u00edo Burbano, Efra\u00edn Velarde, Steven Almeida, Marco Bueno y Miguel Ibarra; hubo que hacer otros gastos, que dejaron complicado el panorama econ\u00f3mico de la <em>Fiera<\/em>.<\/p>\n<p>\u201cLa necesidad que tenemos es importante porque ha habido mucha inversi\u00f3n, no s\u00f3lo por la parte de la n\u00f3mina sino que tambi\u00e9n en el estadio, en la estructura de fuerzas b\u00e1sicas, en remodelaciones en casa club, es todav\u00eda esa parte de egresos que tienen que estar respaldados por patrocinios\u201d, a\u00f1adi\u00f3 el directivo de <strong>Le\u00f3n<\/strong>.<\/p>\n<p>Por \u00faltimo, Alonso Lim\u00f3n se\u00f1al\u00f3 que buscan a un inversionista que sea parte de la industria automotriz, y que en caso de obtenerlo a tiempo; ser\u00eda presentado junto con el nuevo jersey de <strong>Le\u00f3n<\/strong>, que se usar\u00e1 para el Apertura 2015 y Clausura 2016.<\/p>\n","protected":false},"excerpt":{"rendered":"<p>Aument\u00f3 su plantilla pero no vendi\u00f3 muchos jugadores; ahora le urge un inversionista<\/p>\n","protected":false},"author":20,"featured_media":292881,"comment_status":"open","ping_status":"open","sticky":false,"template":"","format":"standard","meta":[],"categories":[2198,3845],"tags":[5437,3749,5965],"_links":{"self":[{"href":"http:\/\/desarrollo.grupomedios.com\/futbol\/wp-json\/wp\/v2\/posts\/292870"}],"collection":[{"href":"http:\/\/desarrollo.grupomedios.com\/futbol\/wp-json\/wp\/v2\/posts"}],"about":[{"href":"http:\/\/desarrollo.grupomedios.com\/futbol\/wp-json\/wp\/v2\/types\/post"}],"author":[{"embeddable":true,"href":"http:\/\/desarrollo.grupomedios.com\/futbol\/wp-json\/wp\/v2\/users\/20"}],"replies":[{"embeddable":true,"href":"http:\/\/desarrollo.grupomedios.com\/futbol\/wp-json\/wp\/v2\/comments?post=292870"}],"version-history":[{"count":0,"href":"http:\/\/desarrollo.grupomedios.com\/futbol\/wp-json\/wp\/v2\/posts\/292870\/revisions"}],"wp:featuredmedia":[{"embeddable":true,"href":"http:\/\/desarrollo.grupomedios.com\/futbol\/wp-json\/wp\/v2\/media\/292881"}],"wp:attachment":[{"href":"http:\/\/desarrollo.grupomedios.com\/futbol\/wp-json\/wp\/v2\/media?parent=292870"}],"wp:term":[{"taxonomy":"category","embeddable":true,"href":"http:\/\/desarrollo.grupomedios.com\/futbol\/wp-json\/wp\/v2\/categories?post=292870"},{"taxonomy":"post_tag","embeddable":true,"href":"http:\/\/desarrollo.grupomedios.com\/futbol\/wp-json\/wp\/v2\/tags?post=292870"}],"curies":[{"name":"wp","href":"https:\/\/api.w.org\/{rel}","templated":true}]}}