{"id":293001,"date":"2015-07-13T21:12:35","date_gmt":"2015-07-14T02:12:35","guid":{"rendered":"http:\/\/futboltotal.com.mx\/?p=293001"},"modified":"2015-07-14T13:11:35","modified_gmt":"2015-07-14T18:11:35","slug":"matias-alustiza-recibe-carta-de-naturalizacion","status":"publish","type":"post","link":"http:\/\/desarrollo.grupomedios.com\/futbol\/futbol-mexicano\/matias-alustiza-recibe-carta-de-naturalizacion\/2015\/07","title":{"rendered":"Mat\u00edas Alustiza recibe carta de naturalizaci\u00f3n"},"content":{"rendered":"<p><strong>Mat\u00edas Alustiza<\/strong>, jugador del <strong>Puebla<\/strong>, recibi\u00f3 esta tarde su carta de naturalizaci\u00f3n. Con ello, el delantero argentino ya no contar\u00e1 como extranjero para el <strong>Apertura 2015<\/strong> de la <strong>Liga MX<\/strong>.<\/p>\n<p>La noticia de que <strong>Mat\u00edas Alustiza<\/strong>, quien ha marcado 35 anotaciones en los 77 encuentros disputados con la <em>Franja<\/em>, recibi\u00f3 oficialmente su carta de naturalizaci\u00f3n, la dio a conocer el due\u00f1o del cuadro <em>camotero<\/em>, Jes\u00fas L\u00f3pez Chargoy, a trav\u00e9s de su cuenta de Twitter.<\/p>\n<blockquote class=\"twitter-tweet\" lang=\"es\">\n<p dir=\"ltr\" lang=\"es\">Nuestro <a href=\"https:\/\/twitter.com\/chavoalustiza\">@chavoalustiza<\/a> ya es Mexicano!!! Somos muchos&#8230; m\u00e1s que 11!!! <a href=\"http:\/\/t.co\/VMcub2Trmh\">pic.twitter.com\/VMcub2Trmh<\/a><\/p>\n<p>\u2014 Jes\u00fas L\u00f3pez Chargoy (@jesuslopezch) <a href=\"https:\/\/twitter.com\/jesuslopezch\/status\/620737554539659264\">julio 13, 2015<\/a><\/p><\/blockquote>\n<p><script src=\"\/\/platform.twitter.com\/widgets.js\" async=\"\" charset=\"utf-8\"><\/script><\/p>\n<p>Cabe apuntar que con la naturalizaci\u00f3n del <em>Chavo<\/em> <strong>Alustiza<\/strong>, la <em>Franja<\/em> del <strong>Puebla<\/strong>\u00a0libera una plaza de jugador extranjero de cara al <strong>Apertura 2015<\/strong>, certamen que arranca el pr\u00f3ximo viernes 24 de julio.<\/p>\n<p><span style=\"color: #ff0000;\"><strong>\u00bfCHAVO TRICOLOR?<\/strong><\/span> | Adem\u00e1s de ya no ocupar plaza de extranjero en la Liga MX, el delantero argentino tendr\u00e1\u00a0la posibilidad de vestir los colores de la <strong>Selecci\u00f3n Mexicana<\/strong>.<\/p>\n<p>En ese contexto, cabe recordar que <strong>Mat\u00edas Alustiza<\/strong>, quien lleg\u00f3 al futbol mexicano en 2012, expuso anteriormente que le gustar\u00eda formar parte del representativo <em>azteca<\/em> en caso de ser requerido por el t\u00e9cnico Miguel Herrera.<\/p>\n<p>\u201cSer\u00eda lindo ir a la selecci\u00f3n si alg\u00fan d\u00eda llega ese llamado y ahorita estoy tranquilo. El futbol mexicano es uno de los m\u00e1s lindos que hay, es competitivo y cualquiera le gana a cualquiera. Se vio en el \u00faltimo campeonato y es algo lindo el futbol mexicano, porque hay sorpresas\u201d, dijo el <em>Chavo<\/em>.<\/p>\n","protected":false},"excerpt":{"rendered":"<p>El delantero argentino del Puebla es oficialmente mexicano<\/p>\n","protected":false},"author":20,"featured_media":290190,"comment_status":"open","ping_status":"open","sticky":false,"template":"","format":"standard","meta":[],"categories":[2198,3845],"tags":[710,5969],"_links":{"self":[{"href":"http:\/\/desarrollo.grupomedios.com\/futbol\/wp-json\/wp\/v2\/posts\/293001"}],"collection":[{"href":"http:\/\/desarrollo.grupomedios.com\/futbol\/wp-json\/wp\/v2\/posts"}],"about":[{"href":"http:\/\/desarrollo.grupomedios.com\/futbol\/wp-json\/wp\/v2\/types\/post"}],"author":[{"embeddable":true,"href":"http:\/\/desarrollo.grupomedios.com\/futbol\/wp-json\/wp\/v2\/users\/20"}],"replies":[{"embeddable":true,"href":"http:\/\/desarrollo.grupomedios.com\/futbol\/wp-json\/wp\/v2\/comments?post=293001"}],"version-history":[{"count":0,"href":"http:\/\/desarrollo.grupomedios.com\/futbol\/wp-json\/wp\/v2\/posts\/293001\/revisions"}],"wp:featuredmedia":[{"embeddable":true,"href":"http:\/\/desarrollo.grupomedios.com\/futbol\/wp-json\/wp\/v2\/media\/290190"}],"wp:attachment":[{"href":"http:\/\/desarrollo.grupomedios.com\/futbol\/wp-json\/wp\/v2\/media?parent=293001"}],"wp:term":[{"taxonomy":"category","embeddable":true,"href":"http:\/\/desarrollo.grupomedios.com\/futbol\/wp-json\/wp\/v2\/categories?post=293001"},{"taxonomy":"post_tag","embeddable":true,"href":"http:\/\/desarrollo.grupomedios.com\/futbol\/wp-json\/wp\/v2\/tags?post=293001"}],"curies":[{"name":"wp","href":"https:\/\/api.w.org\/{rel}","templated":true}]}}