{"id":293007,"date":"2015-07-13T21:33:14","date_gmt":"2015-07-14T02:33:14","guid":{"rendered":"http:\/\/futboltotal.com.mx\/?p=293007"},"modified":"2015-07-13T21:35:14","modified_gmt":"2015-07-14T02:35:14","slug":"dynamo-el-balon-del-apertura-2015","status":"publish","type":"post","link":"http:\/\/desarrollo.grupomedios.com\/futbol\/destacado-home\/dynamo-el-balon-del-apertura-2015\/2015\/07","title":{"rendered":"Dynamo, el bal\u00f3n del Apertura 2015"},"content":{"rendered":"<p>La <strong>Liga MX<\/strong> y la firma deportiva <strong>Voit<\/strong> presentaron de manera oficial el bal\u00f3n con el cual se jugar\u00e1 el pr\u00f3ximo torneo\u00a0<strong>Apertura 2015<\/strong>: <strong>Dynamo<\/strong>, un esf\u00e9rico que consta de 20 paneles blancos y sobre ellos una l\u00edneas en forma de rayos en varios tonos de azul.<\/p>\n<p>Con el concepto de la energ\u00eda como su principal caracter\u00edstica, rodar\u00e1 el <strong>Dynamo<\/strong>, que conserva los colores b\u00e1sicos de la instituci\u00f3n bancaria que patrocina al m\u00e1ximo circuito del futbol mexicano, esf\u00e9rico que rodar\u00e1 tanto en la <strong>Liga MX<\/strong> como en el <strong>Ascenso MX<\/strong>\u00a0a partir del pr\u00f3ximo 24 de julio.<\/p>\n<p>&#8220;Las canchas del futbol mexicano se van a llenar de energ\u00eda, pero no solo las canchas sino las calles y las escuelas&#8221;, expres\u00f3 Enrique Bonilla, presidente de la <strong>Liga MX<\/strong>.<\/p>\n<p><a href=\"http:\/\/futboltotal.com.mx\/wp-content\/uploads\/2015\/07\/balon_dynamo_liga_mx.jpg\"><img decoding=\"async\" loading=\"lazy\" class=\"aligncenter size-full wp-image-293009\" src=\"http:\/\/futboltotal.com.mx\/wp-content\/uploads\/2015\/07\/balon_dynamo_liga_mx.jpg\" alt=\"balon_dynamo_liga_mx\" srcset=\"http:\/\/desarrollo.grupomedios.com\/futbol\/wp-content\/uploads\/2015\/07\/balon_dynamo_liga_mx.jpg 600w, http:\/\/desarrollo.grupomedios.com\/futbol\/wp-content\/uploads\/2015\/07\/balon_dynamo_liga_mx-300x202.jpg 300w\" sizes=\"(max-width: 600px) 100vw, 600px\" \/><\/a><\/p>\n<p>&#8220;Este bal\u00f3n es una firme representaci\u00f3n de la pasi\u00f3n que sentimos por el futbol. La inspiraci\u00f3n principal para este bal\u00f3n fue la energ\u00eda representada a trav\u00e9s del juego y el dinamismo que el futbol mexicano ofrece&#8221;, indic\u00f3 el director de <strong>Voit<\/strong>, Alejandro G\u00e1mez.<\/p>\n<blockquote class=\"twitter-tweet\" lang=\"es\">\n<p dir=\"ltr\" lang=\"es\">Las canchas de la <a href=\"https:\/\/twitter.com\/LIGABancomerMX\">@LigaBancomerMX<\/a> y <a href=\"https:\/\/twitter.com\/AscensoMX\">@AscensoMX<\/a> sentir\u00e1n la <a href=\"https:\/\/twitter.com\/hashtag\/Energ%C3%ADaEnMovimiento?src=hash\">#Energ\u00edaEnMovimiento<\/a> de <a href=\"https:\/\/twitter.com\/hashtag\/Dynamo?src=hash\">#Dynamo<\/a>. <a href=\"https:\/\/t.co\/vfBaAKJuPH\">https:\/\/t.co\/vfBaAKJuPH<\/a><\/p>\n<p>\u2014 Voit (@Voit) <a href=\"https:\/\/twitter.com\/Voit\/status\/620775551008006144\">julio 14, 2015<\/a><\/p><\/blockquote>\n<p><script src=\"\/\/platform.twitter.com\/widgets.js\" async=\"\" charset=\"utf-8\"><\/script><\/p>\n<p>El Apertura 2015 de la Liga MX arrancar\u00e1 el pr\u00f3ximo viernes 24 de julio con dos encuentros: Veracruz contra Chivas y el campe\u00f3n Santos ante Le\u00f3n.<\/p>\n","protected":false},"excerpt":{"rendered":"<p>Las canchas del futbol mexicano se van a llenar de energ\u00eda&#8230;<\/p>\n","protected":false},"author":20,"featured_media":293012,"comment_status":"open","ping_status":"open","sticky":false,"template":"","format":"standard","meta":[],"categories":[5,2198,3845],"tags":[5772,64],"_links":{"self":[{"href":"http:\/\/desarrollo.grupomedios.com\/futbol\/wp-json\/wp\/v2\/posts\/293007"}],"collection":[{"href":"http:\/\/desarrollo.grupomedios.com\/futbol\/wp-json\/wp\/v2\/posts"}],"about":[{"href":"http:\/\/desarrollo.grupomedios.com\/futbol\/wp-json\/wp\/v2\/types\/post"}],"author":[{"embeddable":true,"href":"http:\/\/desarrollo.grupomedios.com\/futbol\/wp-json\/wp\/v2\/users\/20"}],"replies":[{"embeddable":true,"href":"http:\/\/desarrollo.grupomedios.com\/futbol\/wp-json\/wp\/v2\/comments?post=293007"}],"version-history":[{"count":0,"href":"http:\/\/desarrollo.grupomedios.com\/futbol\/wp-json\/wp\/v2\/posts\/293007\/revisions"}],"wp:featuredmedia":[{"embeddable":true,"href":"http:\/\/desarrollo.grupomedios.com\/futbol\/wp-json\/wp\/v2\/media\/293012"}],"wp:attachment":[{"href":"http:\/\/desarrollo.grupomedios.com\/futbol\/wp-json\/wp\/v2\/media?parent=293007"}],"wp:term":[{"taxonomy":"category","embeddable":true,"href":"http:\/\/desarrollo.grupomedios.com\/futbol\/wp-json\/wp\/v2\/categories?post=293007"},{"taxonomy":"post_tag","embeddable":true,"href":"http:\/\/desarrollo.grupomedios.com\/futbol\/wp-json\/wp\/v2\/tags?post=293007"}],"curies":[{"name":"wp","href":"https:\/\/api.w.org\/{rel}","templated":true}]}}