{"id":293041,"date":"2015-07-14T07:32:37","date_gmt":"2015-07-14T12:32:37","guid":{"rendered":"http:\/\/futboltotal.com.mx\/?p=293041"},"modified":"2015-07-14T08:58:21","modified_gmt":"2015-07-14T13:58:21","slug":"chicharito-interesa-al-besiktas","status":"publish","type":"post","link":"http:\/\/desarrollo.grupomedios.com\/futbol\/destacado-home\/chicharito-interesa-al-besiktas\/2015\/07","title":{"rendered":"Chicharito interesa al Besiktas"},"content":{"rendered":"<p>En el horizonte aparece otro club interesado en <strong>Chicharito<\/strong>. Para Javier Hern\u00e1ndez no cesan de surgir rumores y lo m\u00e1s llamativo es que por varios lugares del mundo lo tienen en la mira. El nuevo equipo que pretende ofertar por los servicios del mexicano es el <strong>Besiktas<\/strong>. <\/p>\n<p><a href=\"http:\/\/futboltotal.com.mx\/wp-content\/uploads\/2015\/07\/Millynet.jpg\"><img decoding=\"async\" loading=\"lazy\" src=\"http:\/\/futboltotal.com.mx\/wp-content\/uploads\/2015\/07\/Millynet.jpg\" alt=\"Millynet\" class=\"alignnone size-full wp-image-293043\" srcset=\"http:\/\/desarrollo.grupomedios.com\/futbol\/wp-content\/uploads\/2015\/07\/Millynet.jpg 622w, http:\/\/desarrollo.grupomedios.com\/futbol\/wp-content\/uploads\/2015\/07\/Millynet-300x286.jpg 300w\" sizes=\"(max-width: 622px) 100vw, 622px\" \/><\/a><\/p>\n<p>Los reportes surgen del sitio <em>Milliyet<\/em>, indicando que la entidad turca <strong>ha puesto sobre la mesa 6 millones de euros para hacer de Chicharito su delantero estelar<\/strong>, pues el puesto qued\u00f3 vacante tras la despedida del delantero senegal\u00e9s Demba Ba, quien parti\u00f3 del club por la oferta millonaria del Shanghai Shenhua. <\/p>\n<p>Con problemas para dominar la liga de Turqu\u00eda (no sale campe\u00f3n desde el 2009), ven como sus m\u00e1ximos rivales, Galatasaray y Fenerbahce se refuerzan con estrellas de gran envergadura como Podolski y Van Persie, respectivamente, por lo que buscan tener un golpe medi\u00e1tico con Chicharito. <\/p>\n<p>As\u00ed, el futbol turco podr\u00eda ser un destino para el atacante mexicano, un tanto ex\u00f3tico pero atractivo en lo que respecta al proyecto deportivo, que busca convertirse en un para\u00edso para los futbolistas de \u00e9lite. Al igual que la MLS, donde tambi\u00e9n cuenta con ofertas por parte del Orlando City, que se encuentra en el pelot\u00f3 de entidades que pretende a Chicharito.<\/p>\n<p>El mismo sitio destaca la efectividad goleadora de Javier Hern\u00e1ndez, que con la <strong>Selecci\u00f3n Mexicana<\/strong> ha incrustado el bal\u00f3n a las redes en 40 ocasiones tras disputar 74 encuentros con el combinado mayor.  <\/p>\n","protected":false},"excerpt":{"rendered":"<p>Tras la salida de Demba Ba, Javier Hern\u00e1ndez es una de las opciones de la entidad turca <\/p>\n","protected":false},"author":20,"featured_media":293042,"comment_status":"open","ping_status":"open","sticky":false,"template":"","format":"standard","meta":[],"categories":[5,3839],"tags":[5773,120],"_links":{"self":[{"href":"http:\/\/desarrollo.grupomedios.com\/futbol\/wp-json\/wp\/v2\/posts\/293041"}],"collection":[{"href":"http:\/\/desarrollo.grupomedios.com\/futbol\/wp-json\/wp\/v2\/posts"}],"about":[{"href":"http:\/\/desarrollo.grupomedios.com\/futbol\/wp-json\/wp\/v2\/types\/post"}],"author":[{"embeddable":true,"href":"http:\/\/desarrollo.grupomedios.com\/futbol\/wp-json\/wp\/v2\/users\/20"}],"replies":[{"embeddable":true,"href":"http:\/\/desarrollo.grupomedios.com\/futbol\/wp-json\/wp\/v2\/comments?post=293041"}],"version-history":[{"count":0,"href":"http:\/\/desarrollo.grupomedios.com\/futbol\/wp-json\/wp\/v2\/posts\/293041\/revisions"}],"wp:featuredmedia":[{"embeddable":true,"href":"http:\/\/desarrollo.grupomedios.com\/futbol\/wp-json\/wp\/v2\/media\/293042"}],"wp:attachment":[{"href":"http:\/\/desarrollo.grupomedios.com\/futbol\/wp-json\/wp\/v2\/media?parent=293041"}],"wp:term":[{"taxonomy":"category","embeddable":true,"href":"http:\/\/desarrollo.grupomedios.com\/futbol\/wp-json\/wp\/v2\/categories?post=293041"},{"taxonomy":"post_tag","embeddable":true,"href":"http:\/\/desarrollo.grupomedios.com\/futbol\/wp-json\/wp\/v2\/tags?post=293041"}],"curies":[{"name":"wp","href":"https:\/\/api.w.org\/{rel}","templated":true}]}}