{"id":293062,"date":"2015-07-14T09:26:59","date_gmt":"2015-07-14T14:26:59","guid":{"rendered":"http:\/\/futboltotal.com.mx\/?p=293062"},"modified":"2015-07-14T09:32:16","modified_gmt":"2015-07-14T14:32:16","slug":"cavani-iria-por-millonaria-cifra-al-manchester-united","status":"publish","type":"post","link":"http:\/\/desarrollo.grupomedios.com\/futbol\/futbol-internacional\/cavani-iria-por-millonaria-cifra-al-manchester-united\/2015\/07","title":{"rendered":"Cavani ir\u00eda por millonaria cifra al Manchester United"},"content":{"rendered":"<p>Luego de despilfarrar el pasado mercado de transferencias m\u00e1s de millones 150 de libras, el <strong>Manchester United<\/strong> busca superar esos excesos y espera que eso ocurra antes de que culmine el mes de julio, pues uno de sus objetivos para reforzar el ataque es <strong>Edinson Cavani<\/strong> y preparar\u00edan una oferta de esc\u00e1ndalo para sumarlo a la plantilla, con 50 millones de libras sobre la mesa (poco m\u00e1s de 70 millones de euros), seg\u00fan maneja el <em>Daily Express<\/em>.<\/p>\n<p>El Manchester United contaba con varios objetivos para su delantera, entre los que destacaban Karim Benzema, Harry Kane y Thomas Muller, pero al ser rechazadas sus m\u00faltiples ofertas, el objetivo central del equipo es <strong>Edinson Cavani<\/strong>. La salida confirmada de Robin Van Persie y la insistencia por tener lejos de la instituci\u00f3n a Chicharito han dejado al equipo \u00fanicamente a Wayne Rooney como el natural en la posici\u00f3n.<\/p>\n<p><strong>Los mejores momentos de Cavani en 2014-2015:<\/strong><\/p>\n<p><iframe loading=\"lazy\" src=\"https:\/\/www.youtube.com\/embed\/V6-LWXUNka4\" frameborder=\"0\" allowfullscreen=\"allowfullscreen\"><\/iframe><\/p>\n<p>El dinero en el United parece sobrar y Cavani es solo una m\u00e1s de las piezas con las que Louis Van Gaal pretende confeccionar su nuevo equipo, ya que est\u00e1n muy insistentes en la compra de Nicol\u00e1s Otamendi, central argentino por el que pagar\u00edan 25 millones de libras (rondando los 35 millones de euros). De confirmarse ambos fichajes que est\u00e1n a nada de concretarse, las exigencias de Van Gaal superar\u00edan lo gastado en la ventana de transferencias anterior, sobrepasando sin problemas los 150 millones de libras del verano del 2014.<\/p>\n<p>Los <em>Red Devils<\/em> han estado sumamente movidos en este periodo de compras, oficializando ya cuatro refuerzos de \u00e9lite: Memphis Depay desde mayo, adem\u00e1s de Bastian Schweinsteiger, Matteo Darmian y Morgan Schneiderlin el pasado fin de semana.<\/p>\n<p><strong>As\u00ed juega Nicol\u00e1s Otamendi<\/strong>:<\/p>\n<p><iframe loading=\"lazy\" src=\"https:\/\/www.youtube.com\/embed\/7A4oKNzVLbA\" frameborder=\"0\" allowfullscreen=\"allowfullscreen\"><\/iframe><\/p>\n","protected":false},"excerpt":{"rendered":"<p>Otro de los fichajes que buscan los Red Devils es Nicol\u00e1s Otamendi<\/p>\n","protected":false},"author":20,"featured_media":293074,"comment_status":"open","ping_status":"open","sticky":false,"template":"","format":"standard","meta":[],"categories":[3839,3844,3846],"tags":[6037,43,5774],"_links":{"self":[{"href":"http:\/\/desarrollo.grupomedios.com\/futbol\/wp-json\/wp\/v2\/posts\/293062"}],"collection":[{"href":"http:\/\/desarrollo.grupomedios.com\/futbol\/wp-json\/wp\/v2\/posts"}],"about":[{"href":"http:\/\/desarrollo.grupomedios.com\/futbol\/wp-json\/wp\/v2\/types\/post"}],"author":[{"embeddable":true,"href":"http:\/\/desarrollo.grupomedios.com\/futbol\/wp-json\/wp\/v2\/users\/20"}],"replies":[{"embeddable":true,"href":"http:\/\/desarrollo.grupomedios.com\/futbol\/wp-json\/wp\/v2\/comments?post=293062"}],"version-history":[{"count":0,"href":"http:\/\/desarrollo.grupomedios.com\/futbol\/wp-json\/wp\/v2\/posts\/293062\/revisions"}],"wp:featuredmedia":[{"embeddable":true,"href":"http:\/\/desarrollo.grupomedios.com\/futbol\/wp-json\/wp\/v2\/media\/293074"}],"wp:attachment":[{"href":"http:\/\/desarrollo.grupomedios.com\/futbol\/wp-json\/wp\/v2\/media?parent=293062"}],"wp:term":[{"taxonomy":"category","embeddable":true,"href":"http:\/\/desarrollo.grupomedios.com\/futbol\/wp-json\/wp\/v2\/categories?post=293062"},{"taxonomy":"post_tag","embeddable":true,"href":"http:\/\/desarrollo.grupomedios.com\/futbol\/wp-json\/wp\/v2\/tags?post=293062"}],"curies":[{"name":"wp","href":"https:\/\/api.w.org\/{rel}","templated":true}]}}