{"id":293084,"date":"2015-07-14T10:11:08","date_gmt":"2015-07-14T15:11:08","guid":{"rendered":"http:\/\/futboltotal.com.mx\/?p=293084"},"modified":"2015-07-14T10:13:16","modified_gmt":"2015-07-14T15:13:16","slug":"35-millones-ofrece-el-bayern-munich-por-xhaka","status":"publish","type":"post","link":"http:\/\/desarrollo.grupomedios.com\/futbol\/futbol-internacional\/35-millones-ofrece-el-bayern-munich-por-xhaka\/2015\/07","title":{"rendered":"35 millones ofrece el Bayern Munich por joya suiza"},"content":{"rendered":"<p>La despedida inesperada de Bastian Schweinsteiger tiene en alerta al <strong>Bayern Munich<\/strong>, que busca completar una transacci\u00f3n para su mediocampo de manera urgente. Entre la lista de deseos se encuentra un futbolista suizo de sobrada calidad y con experiencia amplia en la Bundesliga, su nombre: <strong>Granit Xhaka<\/strong>. <\/p>\n<p>El campe\u00f3n del mundo con Suiza en la categor\u00eda Sub-17 (2009), reci\u00e9n finaliz\u00f3 su tercer temporada con el Borussia M\u00f6nchengladbach, y es ahora el objetivo central que maneja Pep Guardiola para intentar llenar el vac\u00edo que dej\u00f3 Bastian tras su venta al Manchester United. <\/p>\n<p>Seg\u00fan el <em>Bild<\/em>, Bayern Munich no tendr\u00eda ning\u00fan problema en pagar los 35 millones de euros de la cl\u00e1usula de rescici\u00f3n por <strong>Granit Xhaka<\/strong>. Ante el inter\u00e9s, el enfado tremendo del Borussia y Lucien Favre, su entrenador, no se hicieron esperar y han indicado que el  suizo no ser\u00e1 vendido y mucho menos al Bayern Munich. &#8220;Granit no va a marcharse a M\u00fanich este verano. Definitivamente eso est\u00e1 claro&#8221;, atendi\u00f3. <\/p>\n<p>El dirigente del Borussia ya advirti\u00f3 tiempo atr\u00e1s que la pol\u00edtica de fichajes del poderoso de Munich &#8220;perjudica al f\u00fatbol alem\u00e1n&#8221; y los acercamientos provocaron que esa molestia se hiciera a\u00fan m\u00e1s enorme.<\/p>\n<p>Al inter\u00e9s por el mediocampista suizo tambi\u00e9n <a href=\"http:\/\/futboltotal.com.mx\/2015\/07\/sale-schweinsteiger-y-entra-arturo-vidal-con-el-bayern-munich\/\">se suma el de Arturo Vidal<\/a>, otra opci\u00f3n que maneja el cuadro dirigido por Pep Guardiola.  <\/p>\n<p><iframe loading=\"lazy\" src=\"https:\/\/www.youtube.com\/embed\/puOCOLnVR80\" frameborder=\"0\" allowfullscreen><\/iframe><\/p>\n","protected":false},"excerpt":{"rendered":"<p>Tras la salida inesperada de Schweinsteiger, Granit Xhaka es seducido por el club <\/p>\n","protected":false},"author":20,"featured_media":293088,"comment_status":"open","ping_status":"open","sticky":false,"template":"","format":"standard","meta":[],"categories":[3839,3844],"tags":[2056,5775],"_links":{"self":[{"href":"http:\/\/desarrollo.grupomedios.com\/futbol\/wp-json\/wp\/v2\/posts\/293084"}],"collection":[{"href":"http:\/\/desarrollo.grupomedios.com\/futbol\/wp-json\/wp\/v2\/posts"}],"about":[{"href":"http:\/\/desarrollo.grupomedios.com\/futbol\/wp-json\/wp\/v2\/types\/post"}],"author":[{"embeddable":true,"href":"http:\/\/desarrollo.grupomedios.com\/futbol\/wp-json\/wp\/v2\/users\/20"}],"replies":[{"embeddable":true,"href":"http:\/\/desarrollo.grupomedios.com\/futbol\/wp-json\/wp\/v2\/comments?post=293084"}],"version-history":[{"count":0,"href":"http:\/\/desarrollo.grupomedios.com\/futbol\/wp-json\/wp\/v2\/posts\/293084\/revisions"}],"wp:featuredmedia":[{"embeddable":true,"href":"http:\/\/desarrollo.grupomedios.com\/futbol\/wp-json\/wp\/v2\/media\/293088"}],"wp:attachment":[{"href":"http:\/\/desarrollo.grupomedios.com\/futbol\/wp-json\/wp\/v2\/media?parent=293084"}],"wp:term":[{"taxonomy":"category","embeddable":true,"href":"http:\/\/desarrollo.grupomedios.com\/futbol\/wp-json\/wp\/v2\/categories?post=293084"},{"taxonomy":"post_tag","embeddable":true,"href":"http:\/\/desarrollo.grupomedios.com\/futbol\/wp-json\/wp\/v2\/tags?post=293084"}],"curies":[{"name":"wp","href":"https:\/\/api.w.org\/{rel}","templated":true}]}}