{"id":293152,"date":"2015-07-14T13:40:13","date_gmt":"2015-07-14T18:40:13","guid":{"rendered":"http:\/\/futboltotal.com.mx\/?p=293152"},"modified":"2015-07-14T14:21:57","modified_gmt":"2015-07-14T19:21:57","slug":"roque-santa-cruz-no-entraria-en-plantilla-del-cruz-azul","status":"publish","type":"post","link":"http:\/\/desarrollo.grupomedios.com\/futbol\/futbol-mexicano\/roque-santa-cruz-no-entraria-en-plantilla-del-cruz-azul\/2015\/07","title":{"rendered":"Roque ser\u00eda baja en la plantilla del Cruz Azul"},"content":{"rendered":"<p>A solo 10 d\u00edas para que inicie el<strong> Apertura 2015<\/strong>, <a href=\"http:\/\/futboltotal.com.mx\/equipos\/cruz-azul\/\" target=\"_blank\"><strong>Cruz Azul<\/strong><\/a> vive momentos de incertidumbre. El cuerpo t\u00e9cnico <em>celeste<\/em>, en conjunto con el departamento m\u00e9dico,\u00a0estudian la posibilidad de dejar fuera de la plantilla al paraguayo <strong>Roque Santa Cruz<\/strong>, quien causar\u00eda baja por lesi\u00f3n al menos tres meses.<\/p>\n<p>Durante la pasada Copa Am\u00e9rica, el artillero <em>guaran\u00ed<\/em> se desgarr\u00f3 el muslo derecho en el partido contra Argentina.\u00a0Aunque el cuerpo m\u00e9dico de Paraguay asever\u00f3 que la rehabilitaci\u00f3n solo tardar\u00eda dos semanas, en <strong>Cruz Azul<\/strong> le realizar\u00e1n los ex\u00e1menes m\u00e9dicos en los cuales se teme que podr\u00edan arrojar que el atacante cause baja por tres meses.<\/p>\n<p><iframe loading=\"lazy\" src=\"https:\/\/vine.co\/v\/eJl0Wj2XWtV\/embed\/simple\" frameborder=\"0\"><\/iframe><script src=\"https:\/\/platform.vine.co\/static\/scripts\/embed.js\"><\/script><\/p>\n<p>Ante este panorama, en conjunto <em>cementero<\/em> se plantea la posibilidad de dejar fuera del registro a <strong>Roque Santa Cruz<\/strong>\u00a0de cara al Apertura 2015\u00a0y con ello\u00a0liberar una plaza de extranjero.<\/p>\n<p>Desde su arribo a la entidad <em>cementera<\/em>, el desempe\u00f1o del <em>guaran\u00ed<\/em> ha sido intermitente, pues los problemas f\u00edsicos no dejan de aquejarlo. En el Clausura 2015, el delantero se lesion\u00f3 apenas en la jornada 2 y estuvo fuera de las canchas por 49 d\u00edas.<\/p>\n<p>Adem\u00e1s, destacar que desde 2013 a la fecha, el jugador ha sufrido al menos un problema por a\u00f1o que lo alej\u00f3 de la acci\u00f3n de dos hasta 12 semanas.<\/p>\n<p>Por la tarde de este martes, la <em>M\u00e1quina<\/em> dar\u00e1 a conocer la gravedad de los problemas f\u00edsicos de <strong>Roque Santa Cruz<\/strong>.<\/p>\n","protected":false},"excerpt":{"rendered":"<p>La rehabilitaci\u00f3n del paraguayo tardar\u00eda hasta tres meses<\/p>\n","protected":false},"author":20,"featured_media":293153,"comment_status":"open","ping_status":"open","sticky":false,"template":"","format":"standard","meta":[],"categories":[2198,3845],"tags":[5437,5962,650],"_links":{"self":[{"href":"http:\/\/desarrollo.grupomedios.com\/futbol\/wp-json\/wp\/v2\/posts\/293152"}],"collection":[{"href":"http:\/\/desarrollo.grupomedios.com\/futbol\/wp-json\/wp\/v2\/posts"}],"about":[{"href":"http:\/\/desarrollo.grupomedios.com\/futbol\/wp-json\/wp\/v2\/types\/post"}],"author":[{"embeddable":true,"href":"http:\/\/desarrollo.grupomedios.com\/futbol\/wp-json\/wp\/v2\/users\/20"}],"replies":[{"embeddable":true,"href":"http:\/\/desarrollo.grupomedios.com\/futbol\/wp-json\/wp\/v2\/comments?post=293152"}],"version-history":[{"count":0,"href":"http:\/\/desarrollo.grupomedios.com\/futbol\/wp-json\/wp\/v2\/posts\/293152\/revisions"}],"wp:featuredmedia":[{"embeddable":true,"href":"http:\/\/desarrollo.grupomedios.com\/futbol\/wp-json\/wp\/v2\/media\/293153"}],"wp:attachment":[{"href":"http:\/\/desarrollo.grupomedios.com\/futbol\/wp-json\/wp\/v2\/media?parent=293152"}],"wp:term":[{"taxonomy":"category","embeddable":true,"href":"http:\/\/desarrollo.grupomedios.com\/futbol\/wp-json\/wp\/v2\/categories?post=293152"},{"taxonomy":"post_tag","embeddable":true,"href":"http:\/\/desarrollo.grupomedios.com\/futbol\/wp-json\/wp\/v2\/tags?post=293152"}],"curies":[{"name":"wp","href":"https:\/\/api.w.org\/{rel}","templated":true}]}}