{"id":293159,"date":"2015-07-14T14:09:34","date_gmt":"2015-07-14T19:09:34","guid":{"rendered":"http:\/\/futboltotal.com.mx\/?p=293159"},"modified":"2015-07-14T14:28:19","modified_gmt":"2015-07-14T19:28:19","slug":"jerry-flores-se-perdera-el-apertura-2015","status":"publish","type":"post","link":"http:\/\/desarrollo.grupomedios.com\/futbol\/futbol-mexicano\/jerry-flores-se-perdera-el-apertura-2015\/2015\/07","title":{"rendered":"Jerry Flores se perder\u00e1 el Apertura 2015"},"content":{"rendered":"<p>Tras una notable pretemporada,\u00a0en la que cosecharon el campeonato de la Copa Socio, en <a href=\"http:\/\/futboltotal.com.mx\/equipos\/cruz-azul\/\" target=\"_blank\"><strong>Cruz Azul<\/strong><\/a> la vida era de color rosa. Sin embargo, en la Noria comenzaron la semana con el pie izquierdo, pues perdieron a <strong>Gerardo Flores<\/strong> para todo el <strong>Apertura 2015<\/strong>.<\/p>\n<p>El defensa mexicano se rompi\u00f3 los ligamentos de la rodilla derecha,\u00a0por lo que necesitar\u00e1 someterse a una operaci\u00f3n\u00a0y posteriormente una\u00a0rehabilitaci\u00f3n que demorar\u00eda entre seis y nueve meses.<\/p>\n<p>Los problemas f\u00edsicos de <em>Jerry<\/em> <strong>Flores<\/strong> se presentaron durante el juego contra Chile en la pasada Copa Am\u00e9rica (15 de junio), donde el futbolista <em>celeste<\/em> recibi\u00f3 un fuerte golpe que reaviv\u00f3 las molestias de la lesi\u00f3n que sufri\u00f3 en 2013.<\/p>\n<p>No conforme con la baja del <strong>Gerardo\u00a0Flores<\/strong>, la <em>M\u00e1quina<\/em> tambi\u00e9n analiza <a href=\"http:\/\/futboltotal.com.mx\/2015\/07\/roque-santa-cruz-no-entraria-en-plantilla-del-cruz-azul\/\" target=\"_blank\">dejar fuera de la plantilla al paraguayo Roque Santa Cruz<\/a>, quien tardar\u00e1 hasta tres meses en recuperarse de un desgarre en el muslo derecho, mismo que sufri\u00f3 en el partido contra Argentina, tambi\u00e9n\u00a0en la Copa Am\u00e9rica el pasado 1 de julio.<\/p>\n<p>Con dicha baja en la defensa, el conjunto <em>cementero<\/em> deber\u00e1 analizar si mantiene el plantel actual o bien utiliza su \u00faltima plaza de extranjero (en caso de mantener a Roque) en traer a otro for\u00e1neo.<\/p>\n<p>Cu\u00e1l ser\u00eda la mejor opci\u00f3n para\u00a0<strong>Cruz Azul<\/strong>, <em>crack,<\/em>\u00a0\u00bfqu\u00e9 traiga a otro extranjero o que le d\u00e9 oportunidad a alguien del grupo?<\/p>\n","protected":false},"excerpt":{"rendered":"<p>El defensa de Cruz Azul se rompi\u00f3 los ligamentos de la rodilla derecha<\/p>\n","protected":false},"author":20,"featured_media":293166,"comment_status":"open","ping_status":"open","sticky":false,"template":"","format":"standard","meta":[],"categories":[2198,3845],"tags":[5437,5962,650],"_links":{"self":[{"href":"http:\/\/desarrollo.grupomedios.com\/futbol\/wp-json\/wp\/v2\/posts\/293159"}],"collection":[{"href":"http:\/\/desarrollo.grupomedios.com\/futbol\/wp-json\/wp\/v2\/posts"}],"about":[{"href":"http:\/\/desarrollo.grupomedios.com\/futbol\/wp-json\/wp\/v2\/types\/post"}],"author":[{"embeddable":true,"href":"http:\/\/desarrollo.grupomedios.com\/futbol\/wp-json\/wp\/v2\/users\/20"}],"replies":[{"embeddable":true,"href":"http:\/\/desarrollo.grupomedios.com\/futbol\/wp-json\/wp\/v2\/comments?post=293159"}],"version-history":[{"count":0,"href":"http:\/\/desarrollo.grupomedios.com\/futbol\/wp-json\/wp\/v2\/posts\/293159\/revisions"}],"wp:featuredmedia":[{"embeddable":true,"href":"http:\/\/desarrollo.grupomedios.com\/futbol\/wp-json\/wp\/v2\/media\/293166"}],"wp:attachment":[{"href":"http:\/\/desarrollo.grupomedios.com\/futbol\/wp-json\/wp\/v2\/media?parent=293159"}],"wp:term":[{"taxonomy":"category","embeddable":true,"href":"http:\/\/desarrollo.grupomedios.com\/futbol\/wp-json\/wp\/v2\/categories?post=293159"},{"taxonomy":"post_tag","embeddable":true,"href":"http:\/\/desarrollo.grupomedios.com\/futbol\/wp-json\/wp\/v2\/tags?post=293159"}],"curies":[{"name":"wp","href":"https:\/\/api.w.org\/{rel}","templated":true}]}}