{"id":293383,"date":"2015-07-15T13:47:54","date_gmt":"2015-07-15T18:47:54","guid":{"rendered":"http:\/\/futboltotal.com.mx\/?p=293383"},"modified":"2015-07-15T13:47:54","modified_gmt":"2015-07-15T18:47:54","slug":"presentan-uniforme-de-visitante-del-arsenal","status":"publish","type":"post","link":"http:\/\/desarrollo.grupomedios.com\/futbol\/futbol-internacional\/presentan-uniforme-de-visitante-del-arsenal\/2015\/07","title":{"rendered":"Presentan uniforme de visitante del Arsenal"},"content":{"rendered":"<p><strong>Puma<\/strong> present\u00f3 el uniforme de visitante del <strong>Arsenal<\/strong> para la temporada 2015-16 a trav\u00e9s de un evento en directo, amenizado por los aficionados de los <em>Gunners<\/em>, con una incre\u00edble vista del cielo nocturno de Singapur.<\/p>\n<p>A medida que el p\u00fablico cantaba canciones del <strong>Arsenal<\/strong>, una se\u00f1al de energ\u00eda el\u00e9ctrica se mov\u00eda y avanzaba a trav\u00e9s del estadio hasta formar una imagen en 3D de 5 metros de altura con la nueva camiseta. Cuando la proyecci\u00f3n termin\u00f3, los jugadores del cuadro ingl\u00e9s aparecieron con el nuevo uniforme.<\/p>\n<p><iframe loading=\"lazy\" src=\"https:\/\/www.youtube.com\/embed\/bZfZbAMibbc\" frameborder=\"0\" allowfullscreen=\"allowfullscreen\"><\/iframe><\/p>\n<p>La camiseta de la segunda equipaci\u00f3n del <strong>Arsenal<\/strong> es una combinaci\u00f3n tanto del legado de\u00a0los <em>Gunners<\/em>\u00a0como el de <strong>Puma<\/strong>, con un dise\u00f1o que reinterpreta el cl\u00e1sico dise\u00f1o de <em>Puma Football<\/em> con una <em>Art Dec\u00f3<\/em> que se inspira en el pasado del cuadro de Inglaterra.<\/p>\n<p>El cuerpo de la camiseta est\u00e1 dise\u00f1ado en oro oscuro, una evoluci\u00f3n de los tonos amarillos tradicionales del <strong>Arsenal<\/strong>, y presenta un dise\u00f1o en forma de diamante que se repite a lo largo de la parte delantera y trasera de la camiseta. El cuello de la camiseta tiene una aplicaci\u00f3n en forma de V y los acabados finales incluyen dorado en los extremos de las mangas y una red en la zona de las axilas para mejorar la transpiraci\u00f3n.<\/p>\n<div id=\"gallery1Za\" style=\"display:none;\"><img alt=\"\" src=\"http:\/\/desarrollo.grupomedios.com\/futbol\/wp-content\/uploads\/2015\/07\/UNIFORME_PUMAS_ARSENAL_8.jpg\" data-image=\"http:\/\/desarrollo.grupomedios.com\/futbol\/wp-content\/uploads\/2015\/07\/UNIFORME_PUMAS_ARSENAL_8.jpg\" data-description=\"UNIFORME_PUMAS_ARSENAL_8\"><img alt=\"\" src=\"http:\/\/desarrollo.grupomedios.com\/futbol\/wp-content\/uploads\/2015\/07\/UNIFORME_PUMAS_ARSENAL.jpg\" data-image=\"http:\/\/desarrollo.grupomedios.com\/futbol\/wp-content\/uploads\/2015\/07\/UNIFORME_PUMAS_ARSENAL.jpg\" data-description=\"UNIFORME_PUMAS_ARSENAL\"><img alt=\"\" src=\"http:\/\/desarrollo.grupomedios.com\/futbol\/wp-content\/uploads\/2015\/07\/UNIFORME_PUMAS_ARSENAL_2.jpg\" data-image=\"http:\/\/desarrollo.grupomedios.com\/futbol\/wp-content\/uploads\/2015\/07\/UNIFORME_PUMAS_ARSENAL_2.jpg\" data-description=\"UNIFORME_PUMAS_ARSENAL_2\"><img alt=\"\" src=\"http:\/\/desarrollo.grupomedios.com\/futbol\/wp-content\/uploads\/2015\/07\/UNIFORME_PUMAS_ARSENAL_3.jpg\" data-image=\"http:\/\/desarrollo.grupomedios.com\/futbol\/wp-content\/uploads\/2015\/07\/UNIFORME_PUMAS_ARSENAL_3.jpg\" data-description=\"UNIFORME_PUMAS_ARSENAL_3\"><img alt=\"\" src=\"http:\/\/desarrollo.grupomedios.com\/futbol\/wp-content\/uploads\/2015\/07\/UNIFORME_PUMAS_ARSENAL_4.jpg\" data-image=\"http:\/\/desarrollo.grupomedios.com\/futbol\/wp-content\/uploads\/2015\/07\/UNIFORME_PUMAS_ARSENAL_4.jpg\" data-description=\"UNIFORME_PUMAS_ARSENAL_4\"><img alt=\"\" src=\"http:\/\/desarrollo.grupomedios.com\/futbol\/wp-content\/uploads\/2015\/07\/UNIFORME_PUMAS_ARSENAL_5.jpg\" data-image=\"http:\/\/desarrollo.grupomedios.com\/futbol\/wp-content\/uploads\/2015\/07\/UNIFORME_PUMAS_ARSENAL_5.jpg\" data-description=\"UNIFORME_PUMAS_ARSENAL_5\"><img alt=\"\" src=\"http:\/\/desarrollo.grupomedios.com\/futbol\/wp-content\/uploads\/2015\/07\/UNIFORME_PUMAS_ARSENAL_6.jpg\" data-image=\"http:\/\/desarrollo.grupomedios.com\/futbol\/wp-content\/uploads\/2015\/07\/UNIFORME_PUMAS_ARSENAL_6.jpg\" data-description=\"UNIFORME_PUMAS_ARSENAL_6\"><img alt=\"\" src=\"http:\/\/desarrollo.grupomedios.com\/futbol\/wp-content\/uploads\/2015\/07\/UNIFORME_PUMAS_ARSENAL_7.jpg\" data-image=\"http:\/\/desarrollo.grupomedios.com\/futbol\/wp-content\/uploads\/2015\/07\/UNIFORME_PUMAS_ARSENAL_7.jpg\" data-description=\"UNIFORME_PUMAS_ARSENAL_7\"><\/div>\n        <script>\n        \/\/galeria 1\n        jQuery(document).ready(function(){ \n            var api;\n            api = jQuery(\"#gallery1Za\").unitegallery({\n                carousel_autoplay: false\n            }); \n        });\n        <\/script>\n        \n<p>La campa\u00f1a <strong>Puma<\/strong> del <strong>Arsenal<\/strong> 2015-16 <em>Powered by Fans<\/em> muestra la importancia de los aficionados\u00a0del <strong>Arsenal<\/strong> para el club y los jugadores. Los fans\u00a0juegan un papel importante en el desempe\u00f1o y los resultados del equipo y en la campa\u00f1a se ha querido representar esa energ\u00eda y hasta qu\u00e9 punto llega a influir y motivar a los jugadores.<\/p>\n<p>La\u00a0r\u00e9plica del segundo jersey\u00a0y la colecci\u00f3n completa estar\u00e1 a la venta a partir del 15 de julio, en <a href=\"http:\/\/global.puma.com\/es_MX\/home?locale=es_MX&amp;mktID=PL:Brand%20Marketing:Puma.com-CatchAllPage:Mexico-es&amp;plinkID=Brand\">www.puma.com<\/a> y <a href=\"http:\/\/www.ArsenalDirect.com\">www.ArsenalDirect.com<\/a>.<\/p>\n<p><em>Con informaci\u00f3n de Puma<\/em><\/p>\n","protected":false},"excerpt":{"rendered":"<p>Puma realiz\u00f3 espectacular presentaci\u00f3n en Singapur<\/p>\n","protected":false},"author":20,"featured_media":293384,"comment_status":"open","ping_status":"open","sticky":false,"template":"","format":"standard","meta":[],"categories":[3839,3846],"tags":[6044,1624,2127],"_links":{"self":[{"href":"http:\/\/desarrollo.grupomedios.com\/futbol\/wp-json\/wp\/v2\/posts\/293383"}],"collection":[{"href":"http:\/\/desarrollo.grupomedios.com\/futbol\/wp-json\/wp\/v2\/posts"}],"about":[{"href":"http:\/\/desarrollo.grupomedios.com\/futbol\/wp-json\/wp\/v2\/types\/post"}],"author":[{"embeddable":true,"href":"http:\/\/desarrollo.grupomedios.com\/futbol\/wp-json\/wp\/v2\/users\/20"}],"replies":[{"embeddable":true,"href":"http:\/\/desarrollo.grupomedios.com\/futbol\/wp-json\/wp\/v2\/comments?post=293383"}],"version-history":[{"count":0,"href":"http:\/\/desarrollo.grupomedios.com\/futbol\/wp-json\/wp\/v2\/posts\/293383\/revisions"}],"wp:featuredmedia":[{"embeddable":true,"href":"http:\/\/desarrollo.grupomedios.com\/futbol\/wp-json\/wp\/v2\/media\/293384"}],"wp:attachment":[{"href":"http:\/\/desarrollo.grupomedios.com\/futbol\/wp-json\/wp\/v2\/media?parent=293383"}],"wp:term":[{"taxonomy":"category","embeddable":true,"href":"http:\/\/desarrollo.grupomedios.com\/futbol\/wp-json\/wp\/v2\/categories?post=293383"},{"taxonomy":"post_tag","embeddable":true,"href":"http:\/\/desarrollo.grupomedios.com\/futbol\/wp-json\/wp\/v2\/tags?post=293383"}],"curies":[{"name":"wp","href":"https:\/\/api.w.org\/{rel}","templated":true}]}}