{"id":293405,"date":"2015-07-15T15:20:30","date_gmt":"2015-07-15T20:20:30","guid":{"rendered":"http:\/\/futboltotal.com.mx\/?p=293405"},"modified":"2015-07-15T15:20:30","modified_gmt":"2015-07-15T20:20:30","slug":"atletico-oficializa-fichaje-de-jackson-martinez","status":"publish","type":"post","link":"http:\/\/desarrollo.grupomedios.com\/futbol\/futbol-internacional\/atletico-oficializa-fichaje-de-jackson-martinez\/2015\/07","title":{"rendered":"Atl\u00e9tico oficializa fichaje de Jackson Mart\u00ednez"},"content":{"rendered":"<p><strong>Jackson Mart\u00ednez<\/strong> se convirti\u00f3 este mi\u00e9rcoles en nuevo jugador del <strong>Atl\u00e9tico de Madrid<\/strong>. El delantero colombiano jugar\u00e1 en la Liga las pr\u00f3ximas cuatro temporadas, despu\u00e9s de que los<em> Colchoneros<\/em> pagaran 35 millones de euros para rescindir el contrato que lo ligaba al <strong>FC Porto<\/strong>.<\/p>\n<p>Los <em>Rojiblancos<\/em> anunciaron mediante su cuenta de twitter la contrataci\u00f3n de Mart\u00ednez, quien a partir de la pr\u00f3xima temporada ser\u00e1 uno de los delanteros estelares del club, en compa\u00f1\u00eda de Luciano Vietto -reci\u00e9n fichado- y Antoine Griezmann, l\u00edder anotador de la temporada pasada.<\/p>\n<blockquote class=\"twitter-tweet\" lang=\"es\">\n<p dir=\"ltr\" lang=\"es\">\u00a1YA ES OFICIAL! \ud83d\ude09 <a href=\"https:\/\/twitter.com\/J_MOfficial\">@J_MOfficial<\/a> firmar\u00e1 por 4 temporadas: <a href=\"http:\/\/t.co\/2EnfMgf0HV\">http:\/\/t.co\/2EnfMgf0HV<\/a> <a href=\"https:\/\/twitter.com\/hashtag\/BienvenidoJackson?src=hash\">#BienvenidoJackson<\/a> <a href=\"http:\/\/t.co\/G7qiYTdJrL\">pic.twitter.com\/G7qiYTdJrL<\/a><\/p>\n<p>\u2014 Atl\u00e9tico de Madrid (@Atleti) <a href=\"https:\/\/twitter.com\/Atleti\/status\/621406166179053569\">julio 15, 2015<\/a><\/p><\/blockquote>\n<p><script src=\"\/\/platform.twitter.com\/widgets.js\" async=\"\" charset=\"utf-8\"><\/script><\/p>\n<p><strong>Jackson Mart\u00ednez<\/strong> seguir\u00e1 los pasos de su compatriota Radamel Falcao, tras forjar una carrera de goleador con los <em>Dragones<\/em> y luego arribar a la entidad de Manzanares para convertirse en el goleador del equipo. Mart\u00ednez lo hace con buenas credenciales, tras haber marcado 92 goles en 133 partidos durante las tres temporadas que defendi\u00f3 la playera del conjunto luso.<\/p>\n<p>La <em>Pantera<\/em> deber\u00e1 reportar a la brevedad con el equipo de Diego Simeone para ser presentado de manera oficial e incorporarse para la disputa de pretemporada, que inicio el pasado lunes.<\/p>\n<p>&#8220;Estamos muy satisfechos por el acuerdo, ya que Jackson Mart\u00ednez es un extraordinario delantero, capaz de resolver con rapidez dentro del \u00e1rea cualquier jugada de ataque. Estamos encantados con su fichaje porque es un futbolista acostumbrado a competir a gran nivel en el Oporto y que ha destacado much\u00edsimo en competiciones tan importantes como la Liga de Campeones&#8221;, dijo el Jos\u00e9 Luis Caminero, director deportivo del Atl\u00e9tico.<\/p>\n","protected":false},"excerpt":{"rendered":"<p>Los Colchoneros fichan al goleador colombiano por 35 millones de euros<\/p>\n","protected":false},"author":20,"featured_media":293419,"comment_status":"open","ping_status":"open","sticky":false,"template":"","format":"standard","meta":[],"categories":[3839,3844],"tags":[6007,5663,6039],"_links":{"self":[{"href":"http:\/\/desarrollo.grupomedios.com\/futbol\/wp-json\/wp\/v2\/posts\/293405"}],"collection":[{"href":"http:\/\/desarrollo.grupomedios.com\/futbol\/wp-json\/wp\/v2\/posts"}],"about":[{"href":"http:\/\/desarrollo.grupomedios.com\/futbol\/wp-json\/wp\/v2\/types\/post"}],"author":[{"embeddable":true,"href":"http:\/\/desarrollo.grupomedios.com\/futbol\/wp-json\/wp\/v2\/users\/20"}],"replies":[{"embeddable":true,"href":"http:\/\/desarrollo.grupomedios.com\/futbol\/wp-json\/wp\/v2\/comments?post=293405"}],"version-history":[{"count":0,"href":"http:\/\/desarrollo.grupomedios.com\/futbol\/wp-json\/wp\/v2\/posts\/293405\/revisions"}],"wp:featuredmedia":[{"embeddable":true,"href":"http:\/\/desarrollo.grupomedios.com\/futbol\/wp-json\/wp\/v2\/media\/293419"}],"wp:attachment":[{"href":"http:\/\/desarrollo.grupomedios.com\/futbol\/wp-json\/wp\/v2\/media?parent=293405"}],"wp:term":[{"taxonomy":"category","embeddable":true,"href":"http:\/\/desarrollo.grupomedios.com\/futbol\/wp-json\/wp\/v2\/categories?post=293405"},{"taxonomy":"post_tag","embeddable":true,"href":"http:\/\/desarrollo.grupomedios.com\/futbol\/wp-json\/wp\/v2\/tags?post=293405"}],"curies":[{"name":"wp","href":"https:\/\/api.w.org\/{rel}","templated":true}]}}