{"id":293406,"date":"2015-07-15T15:21:32","date_gmt":"2015-07-15T20:21:32","guid":{"rendered":"http:\/\/futboltotal.com.mx\/?p=293406"},"modified":"2015-07-15T15:21:32","modified_gmt":"2015-07-15T20:21:32","slug":"dorlan-pabon-se-perdera-el-inicio-del-torneo","status":"publish","type":"post","link":"http:\/\/desarrollo.grupomedios.com\/futbol\/futbol-mexicano\/dorlan-pabon-se-perdera-el-inicio-del-torneo\/2015\/07","title":{"rendered":"Dorlan Pab\u00f3n se perder\u00e1 el inicio del torneo"},"content":{"rendered":"<p>El delantero colombiano <strong>Dorlan Pab\u00f3n<\/strong> se perder\u00e1 el inicio del <strong>Apertura 2015<\/strong> con <strong>Monterrey<\/strong> ya que se lesion\u00f3 el muslo derecho, inform\u00f3 el club.<\/p>\n<p>Pab\u00f3n, quien fue el campe\u00f3n goleador del Clausura 2015 con Rayados, sufre de una ruptura fibrilar que le mantendr\u00e1 fuera por lo menos tres semanas, lo cual, con un pron\u00f3stico optimista, lo tendr\u00e1 listo para jugar la Jornada 3 de la Liga MX.<\/p>\n<p>&#8220;Dorlan fue sometido a estudios radiol\u00f3gicos (y existe) una ruptura fibrilar en el b\u00edceps femoral derecho. Su recuperaci\u00f3n ser\u00e1 de tres semanas a partir del d\u00eda de su lesi\u00f3n&#8221;, inform\u00f3 Emerson Sierra.<\/p>\n<p>La lesi\u00f3n del jugador se llev\u00f3 a cabo durante el amistoso disputado ante Dorados de Sinaloa, y hoy se confirma que el atacante cafetero no estar\u00e1 disponible para arrancar el nuevo torneo del futbol mexicano.<\/p>\n<p>Adem\u00e1s de los partidos de la <strong>Liga MX<\/strong>, Pab\u00f3n no podr\u00e1 estar en la inaguraci\u00f3n del estadio nuevo del Club Monterrey, donde los de la Pandilla tendr\u00e1n de rival al Benfica portugu\u00e9s.<\/p>\n<p>El atacante colombiano vive su segunda etapa con el Monterrey, luego de que <strong>Valencia<\/strong> haya comprado al futbolista apenas a seis partidos de haber comenzado su primera aventura en el norte del pa\u00eds mexicano. Tras un periodo gris con el equipo espa\u00f1ol fue prestado al futbol brasile\u00f1o, y despu\u00e9s, traspasado de nuevo a Monterrey.<\/p>\n","protected":false},"excerpt":{"rendered":"<p>La Pandilla tiene una baja sensible de cara al Apertura<\/p>\n","protected":false},"author":20,"featured_media":293422,"comment_status":"open","ping_status":"open","sticky":false,"template":"","format":"standard","meta":[],"categories":[2198,3845],"tags":[2612,5966],"_links":{"self":[{"href":"http:\/\/desarrollo.grupomedios.com\/futbol\/wp-json\/wp\/v2\/posts\/293406"}],"collection":[{"href":"http:\/\/desarrollo.grupomedios.com\/futbol\/wp-json\/wp\/v2\/posts"}],"about":[{"href":"http:\/\/desarrollo.grupomedios.com\/futbol\/wp-json\/wp\/v2\/types\/post"}],"author":[{"embeddable":true,"href":"http:\/\/desarrollo.grupomedios.com\/futbol\/wp-json\/wp\/v2\/users\/20"}],"replies":[{"embeddable":true,"href":"http:\/\/desarrollo.grupomedios.com\/futbol\/wp-json\/wp\/v2\/comments?post=293406"}],"version-history":[{"count":0,"href":"http:\/\/desarrollo.grupomedios.com\/futbol\/wp-json\/wp\/v2\/posts\/293406\/revisions"}],"wp:featuredmedia":[{"embeddable":true,"href":"http:\/\/desarrollo.grupomedios.com\/futbol\/wp-json\/wp\/v2\/media\/293422"}],"wp:attachment":[{"href":"http:\/\/desarrollo.grupomedios.com\/futbol\/wp-json\/wp\/v2\/media?parent=293406"}],"wp:term":[{"taxonomy":"category","embeddable":true,"href":"http:\/\/desarrollo.grupomedios.com\/futbol\/wp-json\/wp\/v2\/categories?post=293406"},{"taxonomy":"post_tag","embeddable":true,"href":"http:\/\/desarrollo.grupomedios.com\/futbol\/wp-json\/wp\/v2\/tags?post=293406"}],"curies":[{"name":"wp","href":"https:\/\/api.w.org\/{rel}","templated":true}]}}