{"id":293445,"date":"2015-07-15T16:16:42","date_gmt":"2015-07-15T21:16:42","guid":{"rendered":"http:\/\/futboltotal.com.mx\/?p=293445"},"modified":"2015-07-15T16:16:42","modified_gmt":"2015-07-15T21:16:42","slug":"santa-cruz-sera-evaluado-en-guadalajara","status":"publish","type":"post","link":"http:\/\/desarrollo.grupomedios.com\/futbol\/futbol-mexicano\/santa-cruz-sera-evaluado-en-guadalajara\/2015\/07","title":{"rendered":"Santa Cruz ser\u00e1 evaluado en Guadalajara"},"content":{"rendered":"<p>El atacante paraguayo<strong> Roque Santa Cruz<\/strong>, jugador de Cruz Azul, viaj\u00f3 a Guadalajara,\u00a0donde ser\u00e1 revisado por el doctor Rafael Ortega, jefe del cuerpo m\u00e9dico de las Chivas, para recibir un diagn\u00f3stico final sobre la lesi\u00f3n del muslo derecho.<\/p>\n<p>El ariete guaran\u00ed mantiene la esperanza de que sea solo una lesi\u00f3n que necesite dos o tres semanas de recuperaci\u00f3n y espera evitar el quir\u00f3fano. De no ser as\u00ed y tenga la mencionada ruptura total del m\u00fasculo, <strong>Roque Santa Cruz<\/strong> estar\u00eda fuera de 12 a 14 semanas, lo que pr\u00e1cticamente lo dejar\u00eda fuera del Apertura 2015.<\/p>\n<p>\u201cLa situaci\u00f3n es complicada para el club y para m\u00ed. Est\u00e1 por iniciar el torneo y no s\u00e9 cu\u00e1ntos partidos pueda estar fuera; pensamos que estar\u00eda bien mucho antes.<\/p>\n<p>\u201cHay cosas que por m\u00e1s que uno apure se salen del tiempo presupuestado. Si dicen que son entre 10 y 12 semanas debe ser, pero la consigna es estar antes y hacer todo lo que est\u00e9 al alcance m\u00e9dicamente para apurar los procesos\u201d, declar\u00f3 el delantero de <strong>Cruz Azul<\/strong>.<\/p>\n<p>Cabe apuntar que el cuerpo t\u00e9cnico <em>celeste<\/em>, en conjunto con el departamento m\u00e9dico, estudian la posibilidad de dejar fuera de la plantilla a\u00a0<strong>Roque Santa Cruz<\/strong>, quien durante la pasada Copa Am\u00e9rica se desgarr\u00f3 el muslo derecho en el partido contra Argentina.<\/p>\n<p>\u201cMi idea era empezar bien este nuevo torneo, ya aclimatado a la liga y tener un torneo mucho m\u00e1s parejo y mejor; pero aqu\u00ed estamos. Ver\u00e9 c\u00f3mo puedo ayudar al equipo de donde sea\u201d, dijo\u00a0<strong>Santa Cruz<\/strong> en entrevista para <em>ESPN<\/em>.<\/p>\n","protected":false},"excerpt":{"rendered":"<p>\u201cNo s\u00e9 cu\u00e1ntos partidos pueda estar fuera\u201d, dijo el delantero<\/p>\n","protected":false},"author":20,"featured_media":293448,"comment_status":"open","ping_status":"open","sticky":false,"template":"","format":"standard","meta":[],"categories":[2198,3845],"tags":[5962,650],"_links":{"self":[{"href":"http:\/\/desarrollo.grupomedios.com\/futbol\/wp-json\/wp\/v2\/posts\/293445"}],"collection":[{"href":"http:\/\/desarrollo.grupomedios.com\/futbol\/wp-json\/wp\/v2\/posts"}],"about":[{"href":"http:\/\/desarrollo.grupomedios.com\/futbol\/wp-json\/wp\/v2\/types\/post"}],"author":[{"embeddable":true,"href":"http:\/\/desarrollo.grupomedios.com\/futbol\/wp-json\/wp\/v2\/users\/20"}],"replies":[{"embeddable":true,"href":"http:\/\/desarrollo.grupomedios.com\/futbol\/wp-json\/wp\/v2\/comments?post=293445"}],"version-history":[{"count":0,"href":"http:\/\/desarrollo.grupomedios.com\/futbol\/wp-json\/wp\/v2\/posts\/293445\/revisions"}],"wp:featuredmedia":[{"embeddable":true,"href":"http:\/\/desarrollo.grupomedios.com\/futbol\/wp-json\/wp\/v2\/media\/293448"}],"wp:attachment":[{"href":"http:\/\/desarrollo.grupomedios.com\/futbol\/wp-json\/wp\/v2\/media?parent=293445"}],"wp:term":[{"taxonomy":"category","embeddable":true,"href":"http:\/\/desarrollo.grupomedios.com\/futbol\/wp-json\/wp\/v2\/categories?post=293445"},{"taxonomy":"post_tag","embeddable":true,"href":"http:\/\/desarrollo.grupomedios.com\/futbol\/wp-json\/wp\/v2\/tags?post=293445"}],"curies":[{"name":"wp","href":"https:\/\/api.w.org\/{rel}","templated":true}]}}