{"id":293488,"date":"2015-07-15T18:55:15","date_gmt":"2015-07-15T23:55:15","guid":{"rendered":"http:\/\/futboltotal.com.mx\/?p=293488"},"modified":"2015-07-15T18:55:15","modified_gmt":"2015-07-15T23:55:15","slug":"benedetto-se-perdera-el-arranque-del-apertura-2015","status":"publish","type":"post","link":"http:\/\/desarrollo.grupomedios.com\/futbol\/futbol-mexicano\/benedetto-se-perdera-el-arranque-del-apertura-2015\/2015\/07","title":{"rendered":"Benedetto se perder\u00e1 el arranque del Apertura 2015"},"content":{"rendered":"<p>Este mi\u00e9rcoles se confirm\u00f3 que el delantero argentino <strong>Dar\u00edo Benedetto<\/strong>, jugador de las <em>\u00c1guilas<\/em> del <strong>Am\u00e9rica<\/strong>, sufri\u00f3 un esguince de segundo grado en el tobillo izquierdo, lesi\u00f3n que le mantendr\u00e1 fuera de dos a tres semanas.<\/p>\n<p>Ante esta situaci\u00f3n, se confirma que el atacante se perder\u00e1 el arranque del <strong>Apertura 2015<\/strong>\u00a0de la <strong>Liga MX<\/strong>, certamen que arranca el pr\u00f3ximo viernes 24 de julio.<\/p>\n<p>La lesi\u00f3n de <strong>Dar\u00edo Benedetto<\/strong> se present\u00f3 el pasado martes por la noche, en el encuentro que <strong>Am\u00e9rica<\/strong> disput\u00f3 ante el San Jos\u00e9 Earthquakes de la MLS, correspondiente a la <em>International Champions Cup<\/em>. El delantero argentino tuvo que salir del juego a causa de un golpe en el tobillo.<\/p>\n<p><strong>Dar\u00edo Benedetto<\/strong>, quien report\u00f3 a la pretemporada de las <em>\u00c1guilas<\/em> el pasado domingo, luego de recibir permiso especial para ausentarse ya que naci\u00f3 su primer hijo, Felipe, estar\u00eda listo para volver al campo hasta la segunda jornada del torneo mexicano, cuando el cuadro\u00a0<em>azulcrema<\/em>\u00a0reciba la visita de los <em>Rojinegros <\/em>del Atlas.<\/p>\n<p><strong>Am\u00e9rica<\/strong> disputar\u00e1 su segundo partido de la\u00a0<em>Champions Cup<\/em> el pr\u00f3ximo viernes contra el Manchester United y cerrar\u00e1 su participaci\u00f3n en el certamen internacional el martes 28 de junio ante el Benfica de Portugal, duelo que se\u00a0disputar\u00e1 en la cancha del estadio Azteca.<\/p>\n<p>&nbsp;<\/p>\n","protected":false},"excerpt":{"rendered":"<p>El delantero del Am\u00e9rica sufri\u00f3 un esguince en el tobillo izquierdo<\/p>\n","protected":false},"author":20,"featured_media":293489,"comment_status":"open","ping_status":"open","sticky":false,"template":"","format":"standard","meta":[],"categories":[2198,3845],"tags":[5959,3876],"_links":{"self":[{"href":"http:\/\/desarrollo.grupomedios.com\/futbol\/wp-json\/wp\/v2\/posts\/293488"}],"collection":[{"href":"http:\/\/desarrollo.grupomedios.com\/futbol\/wp-json\/wp\/v2\/posts"}],"about":[{"href":"http:\/\/desarrollo.grupomedios.com\/futbol\/wp-json\/wp\/v2\/types\/post"}],"author":[{"embeddable":true,"href":"http:\/\/desarrollo.grupomedios.com\/futbol\/wp-json\/wp\/v2\/users\/20"}],"replies":[{"embeddable":true,"href":"http:\/\/desarrollo.grupomedios.com\/futbol\/wp-json\/wp\/v2\/comments?post=293488"}],"version-history":[{"count":0,"href":"http:\/\/desarrollo.grupomedios.com\/futbol\/wp-json\/wp\/v2\/posts\/293488\/revisions"}],"wp:featuredmedia":[{"embeddable":true,"href":"http:\/\/desarrollo.grupomedios.com\/futbol\/wp-json\/wp\/v2\/media\/293489"}],"wp:attachment":[{"href":"http:\/\/desarrollo.grupomedios.com\/futbol\/wp-json\/wp\/v2\/media?parent=293488"}],"wp:term":[{"taxonomy":"category","embeddable":true,"href":"http:\/\/desarrollo.grupomedios.com\/futbol\/wp-json\/wp\/v2\/categories?post=293488"},{"taxonomy":"post_tag","embeddable":true,"href":"http:\/\/desarrollo.grupomedios.com\/futbol\/wp-json\/wp\/v2\/tags?post=293488"}],"curies":[{"name":"wp","href":"https:\/\/api.w.org\/{rel}","templated":true}]}}