{"id":293929,"date":"2015-08-25T12:48:54","date_gmt":"2015-08-25T17:48:54","guid":{"rendered":"http:\/\/futboltotal.com.mx\/?p=293929"},"modified":"2015-08-25T12:49:33","modified_gmt":"2015-08-25T17:49:33","slug":"las-botas-doradas-de-nike-solo-para-ronaldinho","status":"publish","type":"post","link":"http:\/\/desarrollo.grupomedios.com\/futbol\/futbol-internacional\/las-botas-doradas-de-nike-solo-para-ronaldinho\/2015\/08","title":{"rendered":"Las botas doradas de Nike solo para Ronaldinho"},"content":{"rendered":"<p><strong>Ronaldinho<\/strong> deslumbrar\u00e1 en el futbol brasile\u00f1o nuevamente, no solo con su talento en las canchas, ahora lo har\u00e1 tambi\u00e9n por sus zapatos que tendr\u00e1n oro en la parte de los tachones.<\/p>\n<p>El exfutbolista del Quer\u00e9taro contar\u00e1 con unos tacos dise\u00f1ados exclusivamente para \u00e9l en su nueva etapa con el Fluminense. Su patrocinador lanzar\u00e1 al mercado este nuevo modelo\u00a0en breve y llevar\u00e1n el nombre de\u00a0<em>Nike Tiempo Legend Ronaldinho Boots<\/em>.<\/p>\n<p>Los zapatos\u00a0estar\u00e1n conformados solo por dos colores, blanco y dorado. En la parte de piel del calzado contar\u00e1 con casi toda la superficie de color blanco, a excepci\u00f3n de la cl\u00e1sica palomita que lucir\u00e1 el dorado.\u00a0En lo referente a los tachones tendr\u00e1 una mitad en blanco y otra en dorado, \u00e9sta \u00faltima tendr\u00e1 incrustaciones de oro que har\u00e1n que Ronaldinho brille por todo el campo, de acuerdo a las im\u00e1genes reveladas por <em>Nike<\/em>.<\/p>\n<p><a href=\"http:\/\/futboltotal.com.mx\/wp-content\/uploads\/2015\/07\/R10-3.jpg\"><img decoding=\"async\" loading=\"lazy\" class=\"alignnone size-full wp-image-306042\" src=\"http:\/\/futboltotal.com.mx\/wp-content\/uploads\/2015\/07\/R10-3.jpg\" alt=\"R10-3\" srcset=\"http:\/\/desarrollo.grupomedios.com\/futbol\/wp-content\/uploads\/2015\/07\/R10-3.jpg 599w, http:\/\/desarrollo.grupomedios.com\/futbol\/wp-content\/uploads\/2015\/07\/R10-3-300x169.jpg 300w, http:\/\/desarrollo.grupomedios.com\/futbol\/wp-content\/uploads\/2015\/07\/R10-3-580x325.jpg 580w\" sizes=\"(max-width: 599px) 100vw, 599px\" \/><\/a> <a href=\"http:\/\/futboltotal.com.mx\/wp-content\/uploads\/2015\/07\/R10-2.jpg\"><img decoding=\"async\" loading=\"lazy\" class=\"alignnone size-revistasmall wp-image-306045\" src=\"http:\/\/futboltotal.com.mx\/wp-content\/uploads\/2015\/07\/R10-2.jpg\" alt=\"R10-2\" srcset=\"http:\/\/desarrollo.grupomedios.com\/futbol\/wp-content\/uploads\/2015\/07\/R10-2.jpg 599w, http:\/\/desarrollo.grupomedios.com\/futbol\/wp-content\/uploads\/2015\/07\/R10-2-300x214.jpg 300w\" sizes=\"(max-width: 599px) 100vw, 599px\" \/><\/a> <a href=\"http:\/\/futboltotal.com.mx\/wp-content\/uploads\/2015\/07\/R10-4.jpg\"><img decoding=\"async\" loading=\"lazy\" class=\"alignnone size-revistasmall wp-image-306046\" src=\"http:\/\/futboltotal.com.mx\/wp-content\/uploads\/2015\/07\/R10-4.jpg\" alt=\"R10-4\" srcset=\"http:\/\/desarrollo.grupomedios.com\/futbol\/wp-content\/uploads\/2015\/07\/R10-4.jpg 599w, http:\/\/desarrollo.grupomedios.com\/futbol\/wp-content\/uploads\/2015\/07\/R10-4-300x214.jpg 300w\" sizes=\"(max-width: 599px) 100vw, 599px\" \/><\/a><\/p>\n<p>Solo Ronaldinho utilizar\u00e1 estas botas en el \u00e1mbito profesional a manera de homenaje por su trayectoria. Adem\u00e1s, se lanzar\u00e1n a la venta 3 mil r\u00e9plicas las cuales contar\u00e1n con un precio de 225 euros o d\u00f3lares dependiendo el mercado.<\/p>\n<p>El dise\u00f1o es muy parecido al que tanto impacto caus\u00f3 en el mundo cuando Ronaldinho\u00a0viv\u00eda los mejores momentos de su carrera futbol\u00edstica, hace ya m\u00e1s de una d\u00e9cada justo a su llegada al Barcelona.<\/p>\n<p>&nbsp;<\/p>\n","protected":false},"excerpt":{"rendered":"<p>El astro brasile\u00f1o utilizar\u00e1 unos botines hermosos en el Fluminense <\/p>\n","protected":false},"author":20,"featured_media":287366,"comment_status":"open","ping_status":"open","sticky":false,"template":"","format":"standard","meta":[],"categories":[5419,3839],"tags":[377,5997],"_links":{"self":[{"href":"http:\/\/desarrollo.grupomedios.com\/futbol\/wp-json\/wp\/v2\/posts\/293929"}],"collection":[{"href":"http:\/\/desarrollo.grupomedios.com\/futbol\/wp-json\/wp\/v2\/posts"}],"about":[{"href":"http:\/\/desarrollo.grupomedios.com\/futbol\/wp-json\/wp\/v2\/types\/post"}],"author":[{"embeddable":true,"href":"http:\/\/desarrollo.grupomedios.com\/futbol\/wp-json\/wp\/v2\/users\/20"}],"replies":[{"embeddable":true,"href":"http:\/\/desarrollo.grupomedios.com\/futbol\/wp-json\/wp\/v2\/comments?post=293929"}],"version-history":[{"count":0,"href":"http:\/\/desarrollo.grupomedios.com\/futbol\/wp-json\/wp\/v2\/posts\/293929\/revisions"}],"wp:featuredmedia":[{"embeddable":true,"href":"http:\/\/desarrollo.grupomedios.com\/futbol\/wp-json\/wp\/v2\/media\/287366"}],"wp:attachment":[{"href":"http:\/\/desarrollo.grupomedios.com\/futbol\/wp-json\/wp\/v2\/media?parent=293929"}],"wp:term":[{"taxonomy":"category","embeddable":true,"href":"http:\/\/desarrollo.grupomedios.com\/futbol\/wp-json\/wp\/v2\/categories?post=293929"},{"taxonomy":"post_tag","embeddable":true,"href":"http:\/\/desarrollo.grupomedios.com\/futbol\/wp-json\/wp\/v2\/tags?post=293929"}],"curies":[{"name":"wp","href":"https:\/\/api.w.org\/{rel}","templated":true}]}}