{"id":293943,"date":"2015-07-17T11:40:28","date_gmt":"2015-07-17T16:40:28","guid":{"rendered":"http:\/\/futboltotal.com.mx\/?p=293943"},"modified":"2015-07-17T11:41:45","modified_gmt":"2015-07-17T16:41:45","slug":"sergio-ramos-llegaria-por-60-mde-al-united","status":"publish","type":"post","link":"http:\/\/desarrollo.grupomedios.com\/futbol\/futbol-internacional\/sergio-ramos-llegaria-por-60-mde-al-united\/2015\/07","title":{"rendered":"Ramos llegar\u00eda por 60 mde al Manchester United"},"content":{"rendered":"<p>El equipo ingl\u00e9s con m\u00e1s poder econ\u00f3mico para adquirir jugadores en este mercado de verano, el <strong>Manchester United<\/strong>, est\u00e1 dispuesto a realizar una oferta final de 60 millones de euros por el jugador del <strong>Real Madrid<\/strong>, <strong>Sergio Ramos.<\/strong><\/p>\n<p>Con el objetivo de adquirir los servicios del defensa de los m<em>erengues<\/em>, el equipo dirigido por el estratega, Louis Van Gaal, pugn\u00f3 por ofertar una cifra m\u00e1s elevada a las primeras que realizaron, no obstante, el fichaje no se realizar\u00e1\u00a0por una cantidad menor a los 90 millones de euros, seg\u00fan lo informado por el presidente Florentino P\u00e9rez.<\/p>\n<p>Sumado a la dificultad econ\u00f3mica, las declaraciones emitidas por Rafa Ben\u00edtez, estratega del conjunto <em>blanco<\/em>, dan indicios que por ahora Sergio Ramos se quedar\u00e1 en el Real Madrid.<\/p>\n<p>&#8220;Habl\u00e9 con Sergio durante el verano y cuando estuvimos en Madrid sobre su futuro sus ideas y las nuestras. No hemos vuelto a hablar de ese tema. Mi preocupaci\u00f3n es que trabaje bien y entrene bien. Veo el futuro con Sergio porque es un jugador fundamental por sus condiciones y por su mentalidad y liderazgo&#8221;, coment\u00f3 ante la prensa.<\/p>\n<p>A pesar de esta situaci\u00f3n, el United valora el trabajo y las condiciones que puede aportar un futbolista de la talla de Ramos, por lo que la cifra final que pactaron nuevamente podr\u00eda incrementarse para cumplir la meta que tiene el t\u00e9cnico holand\u00e9s de adquirir al Fara\u00f3n de Camas en este verano.<\/p>\n<p>&nbsp;<\/p>\n","protected":false},"excerpt":{"rendered":"<p>Los Red Devils lanzan su \u00faltima oferta por el capit\u00e1n merengue<\/p>\n","protected":false},"author":20,"featured_media":293946,"comment_status":"open","ping_status":"open","sticky":false,"template":"","format":"standard","meta":[],"categories":[3839,3844],"tags":[43,5988,6020],"_links":{"self":[{"href":"http:\/\/desarrollo.grupomedios.com\/futbol\/wp-json\/wp\/v2\/posts\/293943"}],"collection":[{"href":"http:\/\/desarrollo.grupomedios.com\/futbol\/wp-json\/wp\/v2\/posts"}],"about":[{"href":"http:\/\/desarrollo.grupomedios.com\/futbol\/wp-json\/wp\/v2\/types\/post"}],"author":[{"embeddable":true,"href":"http:\/\/desarrollo.grupomedios.com\/futbol\/wp-json\/wp\/v2\/users\/20"}],"replies":[{"embeddable":true,"href":"http:\/\/desarrollo.grupomedios.com\/futbol\/wp-json\/wp\/v2\/comments?post=293943"}],"version-history":[{"count":0,"href":"http:\/\/desarrollo.grupomedios.com\/futbol\/wp-json\/wp\/v2\/posts\/293943\/revisions"}],"wp:featuredmedia":[{"embeddable":true,"href":"http:\/\/desarrollo.grupomedios.com\/futbol\/wp-json\/wp\/v2\/media\/293946"}],"wp:attachment":[{"href":"http:\/\/desarrollo.grupomedios.com\/futbol\/wp-json\/wp\/v2\/media?parent=293943"}],"wp:term":[{"taxonomy":"category","embeddable":true,"href":"http:\/\/desarrollo.grupomedios.com\/futbol\/wp-json\/wp\/v2\/categories?post=293943"},{"taxonomy":"post_tag","embeddable":true,"href":"http:\/\/desarrollo.grupomedios.com\/futbol\/wp-json\/wp\/v2\/tags?post=293943"}],"curies":[{"name":"wp","href":"https:\/\/api.w.org\/{rel}","templated":true}]}}