{"id":293977,"date":"2015-07-17T15:10:23","date_gmt":"2015-07-17T20:10:23","guid":{"rendered":"http:\/\/futboltotal.com.mx\/?p=293977"},"modified":"2015-07-18T09:17:45","modified_gmt":"2015-07-18T14:17:45","slug":"roban-gorro-a-jugador-del-real-madrid","status":"publish","type":"post","link":"http:\/\/desarrollo.grupomedios.com\/futbol\/videos\/roban-gorro-a-jugador-del-real-madrid\/2015\/07","title":{"rendered":"Roban gorro a Luka Modric"},"content":{"rendered":"<p>El jugador del <strong>Real Madrid<\/strong>, <strong>Luka Modric<\/strong>, se vio involucrado en un robo por parte de un aficionado del club <em>merengue <\/em>durante la gira de pretemporada que realiza el club en Melbourne, Australia<em>.\u00a0<\/em><\/p>\n<p>Tras culminar el entrenamiento del d\u00eda que sostuvo el conjunto <em>merengue<\/em> previo al duelo que sostendr\u00e1n ante la Roma, el mediocentro croata se dispuso a regalar aut\u00f3grafos a los aficionados, sin embargo, fue sorprendido luego de que un fan\u00e1tico del club <em>blanco<\/em> no control\u00f3 su pasi\u00f3n por el jugador y le arrebat\u00f3 un gorro que le proteg\u00eda del fri\u00f3.<\/p>\n<p>Ante esta situaci\u00f3n y la poca efectividad que mostraron sus guardias de seguridad, el mediocentro opt\u00f3 por no tomarle tanta importancia y sigui\u00f3 regalando firmas para sus leales seguidores.<\/p>\n<p>A pesar de que los encargados de seguridad intentaron recuperar el accesorio de Modric, su \u00e9xito fue nulo como la protecci\u00f3n al futbolista. Despu\u00e9s de que Luka finalizara el trayecto de los aut\u00f3grafos, el causante del robo presumi\u00f3 el gorro que le quito al futbolista del Real Madrid, su alegr\u00eda por el logro que efectu\u00f3 qued\u00f3 plasmado en el siguiente video.<\/p>\n<p><iframe loading=\"lazy\" src=\"https:\/\/www.youtube.com\/embed\/Dy6bemJ6WPE?feature=oembed\" frameborder=\"0\" allowfullscreen><\/iframe><\/p>\n","protected":false},"excerpt":{"rendered":"<p>Luka Modric fue despojado de su gorro por un aficionado merengue<\/p>\n","protected":false},"author":20,"featured_media":293986,"comment_status":"open","ping_status":"open","sticky":false,"template":"","format":"standard","meta":[],"categories":[3839,4],"tags":[477,5988],"_links":{"self":[{"href":"http:\/\/desarrollo.grupomedios.com\/futbol\/wp-json\/wp\/v2\/posts\/293977"}],"collection":[{"href":"http:\/\/desarrollo.grupomedios.com\/futbol\/wp-json\/wp\/v2\/posts"}],"about":[{"href":"http:\/\/desarrollo.grupomedios.com\/futbol\/wp-json\/wp\/v2\/types\/post"}],"author":[{"embeddable":true,"href":"http:\/\/desarrollo.grupomedios.com\/futbol\/wp-json\/wp\/v2\/users\/20"}],"replies":[{"embeddable":true,"href":"http:\/\/desarrollo.grupomedios.com\/futbol\/wp-json\/wp\/v2\/comments?post=293977"}],"version-history":[{"count":0,"href":"http:\/\/desarrollo.grupomedios.com\/futbol\/wp-json\/wp\/v2\/posts\/293977\/revisions"}],"wp:featuredmedia":[{"embeddable":true,"href":"http:\/\/desarrollo.grupomedios.com\/futbol\/wp-json\/wp\/v2\/media\/293986"}],"wp:attachment":[{"href":"http:\/\/desarrollo.grupomedios.com\/futbol\/wp-json\/wp\/v2\/media?parent=293977"}],"wp:term":[{"taxonomy":"category","embeddable":true,"href":"http:\/\/desarrollo.grupomedios.com\/futbol\/wp-json\/wp\/v2\/categories?post=293977"},{"taxonomy":"post_tag","embeddable":true,"href":"http:\/\/desarrollo.grupomedios.com\/futbol\/wp-json\/wp\/v2\/tags?post=293977"}],"curies":[{"name":"wp","href":"https:\/\/api.w.org\/{rel}","templated":true}]}}