{"id":293981,"date":"2015-07-17T14:53:57","date_gmt":"2015-07-17T19:53:57","guid":{"rendered":"http:\/\/futboltotal.com.mx\/?p=293981"},"modified":"2015-07-17T15:04:56","modified_gmt":"2015-07-17T20:04:56","slug":"los-10-fichajes-mas-caros-en-este-verano","status":"publish","type":"post","link":"http:\/\/desarrollo.grupomedios.com\/futbol\/galerias\/los-10-fichajes-mas-caros-en-este-verano\/2015\/07","title":{"rendered":"Los 10 fichajes m\u00e1s caros en este verano"},"content":{"rendered":"<p>Encendido. As\u00ed se ha manifestado el periodo de transferencias del presente curso 2015-2016. Los equipos buscan cumplir metas y para ello, el concretar <strong>fichajes<\/strong> es una m\u00e1xima indispensable.<\/p>\n<p>En nuestro cat\u00e1logo se muestran futbolistas de tres distintas ligas, y como es una constante destacan la Premier League (3), la Liga Espa\u00f1ola (4) y la Serie A (2), completando el top ten una transferencia de la Bundesliga.<\/p>\n<p>Sabemos que el mercado seguir\u00e1 con cambios constantes, pero nada mejor que actualizar los datos e ir acostumbr\u00e1ndonos a las que ser\u00e1n las nuevas caras en el futuro pr\u00f3ximo, as\u00ed que nuestro listado comprende un corte de caja hasta el d\u00eda 15 de julio. Dentro del top ten revelado se han movido 361 millones de euros en lo referente a las transferencias.<\/p>\n<p>El fichaje de <strong>Raheem Sterling<\/strong> es el que lidera el mercado de momento, con los 62.5 millones de euros reportados para su traspaso de los <em>Reds<\/em> a los <em>Citizens,\u00a0<\/em>pero con m\u00e1s de mes y medio restante, todav\u00eda puede caer en esta tabla.<\/p>\n<div id=\"galleryq1A\" style=\"display:none;\"><img alt=\"19.- Douglas Costa | Delantero | Del Shakhtar al Bayern M\u00fanich | 30 MDE. \" src=\"http:\/\/desarrollo.grupomedios.com\/futbol\/wp-content\/uploads\/2015\/07\/Douglas-Costa-al-Bayern-Munich.jpg\" data-image=\"http:\/\/desarrollo.grupomedios.com\/futbol\/wp-content\/uploads\/2015\/07\/Douglas-Costa-al-Bayern-Munich.jpg\" data-description=\"Douglas Costa al Bayern Munich\"><img alt=\"9\u00b0 Rodrigo | Benfica a Valencia por 30 millones de euros\" src=\"http:\/\/desarrollo.grupomedios.com\/futbol\/wp-content\/uploads\/2015\/07\/Rodrigo-al-Valencia.jpg\" data-image=\"http:\/\/desarrollo.grupomedios.com\/futbol\/wp-content\/uploads\/2015\/07\/Rodrigo-al-Valencia.jpg\" data-description=\"Rodrigo al Valencia\"><img alt=\"8\u00b0 Geoffrey Kondogbia | M\u00f3naco al Inter por 30 millones de euros \" src=\"http:\/\/desarrollo.grupomedios.com\/futbol\/wp-content\/uploads\/2015\/07\/Kongdobia-al-Inter.jpg\" data-image=\"http:\/\/desarrollo.grupomedios.com\/futbol\/wp-content\/uploads\/2015\/07\/Kongdobia-al-Inter.jpg\" data-description=\"Kongdobia al Inter\"><img alt=\"15.- Danilo | Porto al Real Madrid | 31.5 MDE.\" src=\"http:\/\/desarrollo.grupomedios.com\/futbol\/wp-content\/uploads\/2015\/07\/Danilo-al-Real-Madrid.jpg\" data-image=\"http:\/\/desarrollo.grupomedios.com\/futbol\/wp-content\/uploads\/2015\/07\/Danilo-al-Real-Madrid.jpg\" data-description=\"Danilo al Real Madrid\"><img alt=\"14.- Paulo Dybala | Delantero | Del Palermo al  Juventus | 32 MDE.\" src=\"http:\/\/desarrollo.grupomedios.com\/futbol\/wp-content\/uploads\/2015\/07\/Dybala-Juventus.jpg\" data-image=\"http:\/\/desarrollo.grupomedios.com\/futbol\/wp-content\/uploads\/2015\/07\/Dybala-Juventus.jpg\" data-description=\"Dybala Juventus\"><img alt=\"La liga| Arda Turan | Barcelona\" src=\"http:\/\/desarrollo.grupomedios.com\/futbol\/wp-content\/uploads\/2015\/07\/Arda-Turan-Barcelona2.jpg\" data-image=\"http:\/\/desarrollo.grupomedios.com\/futbol\/wp-content\/uploads\/2015\/07\/Arda-Turan-Barcelona2.jpg\" data-description=\"Arda Turan Barcelona\"><img alt=\"10.- Morgan Schneiderlin | Mediocampista | Southampton al Manchester United por 35 MDE.\" src=\"http:\/\/desarrollo.grupomedios.com\/futbol\/wp-content\/uploads\/2015\/07\/Schneiderlin-Man-Utd.jpg\" data-image=\"http:\/\/desarrollo.grupomedios.com\/futbol\/wp-content\/uploads\/2015\/07\/Schneiderlin-Man-Utd.jpg\" data-description=\"Schneiderlin Man Utd\"><img alt=\"3\u00b0 Jackson Mart\u00ednez | Porto al Atl\u00e9tico de Madrid por 35 millones de euros\" src=\"http:\/\/desarrollo.grupomedios.com\/futbol\/wp-content\/uploads\/2015\/07\/Jackson-Mart\u00ednez-Atleti.jpg\" data-image=\"http:\/\/desarrollo.grupomedios.com\/futbol\/wp-content\/uploads\/2015\/07\/Jackson-Mart\u00ednez-Atleti.jpg\" data-description=\"Jackson Mart\u00ednez Atleti\"><img alt=\"2\u00b0 Roberto Firmino | Hoffenheim al Liverpool por 41 millones de euros \" src=\"http:\/\/desarrollo.grupomedios.com\/futbol\/wp-content\/uploads\/2015\/07\/Roberto-Firmino-009.jpg\" data-image=\"http:\/\/desarrollo.grupomedios.com\/futbol\/wp-content\/uploads\/2015\/07\/Roberto-Firmino-009.jpg\" data-description=\"Roberto Firmino\"><img alt=\"1\u00b0 Raheem Sterling | Liverpool al Manchester City por 62.5 millones de euros \" src=\"http:\/\/desarrollo.grupomedios.com\/futbol\/wp-content\/uploads\/2015\/07\/Sterling-City.jpg\" data-image=\"http:\/\/desarrollo.grupomedios.com\/futbol\/wp-content\/uploads\/2015\/07\/Sterling-City.jpg\" data-description=\"Sterling City\"><\/div>\n        <script>\n        \/\/galeria 1\n        jQuery(document).ready(function(){ \n            var api;\n            api = jQuery(\"#galleryq1A\").unitegallery({\n                carousel_autoplay: false\n            }); \n        });\n        <\/script>\n        \n<p>Datos de acuerdo a cifras reveladas por <em>Transfermarkt<\/em> dejando de lado primas o cl\u00e1usulas por variables en el contrato. <\/p>\n","protected":false},"excerpt":{"rendered":"<p>Este top ten de fichajes ha movido 361 millones de euros en transferencia<\/p>\n","protected":false},"author":20,"featured_media":294020,"comment_status":"open","ping_status":"open","sticky":false,"template":"","format":"standard","meta":[],"categories":[3839,3],"tags":[640],"_links":{"self":[{"href":"http:\/\/desarrollo.grupomedios.com\/futbol\/wp-json\/wp\/v2\/posts\/293981"}],"collection":[{"href":"http:\/\/desarrollo.grupomedios.com\/futbol\/wp-json\/wp\/v2\/posts"}],"about":[{"href":"http:\/\/desarrollo.grupomedios.com\/futbol\/wp-json\/wp\/v2\/types\/post"}],"author":[{"embeddable":true,"href":"http:\/\/desarrollo.grupomedios.com\/futbol\/wp-json\/wp\/v2\/users\/20"}],"replies":[{"embeddable":true,"href":"http:\/\/desarrollo.grupomedios.com\/futbol\/wp-json\/wp\/v2\/comments?post=293981"}],"version-history":[{"count":0,"href":"http:\/\/desarrollo.grupomedios.com\/futbol\/wp-json\/wp\/v2\/posts\/293981\/revisions"}],"wp:featuredmedia":[{"embeddable":true,"href":"http:\/\/desarrollo.grupomedios.com\/futbol\/wp-json\/wp\/v2\/media\/294020"}],"wp:attachment":[{"href":"http:\/\/desarrollo.grupomedios.com\/futbol\/wp-json\/wp\/v2\/media?parent=293981"}],"wp:term":[{"taxonomy":"category","embeddable":true,"href":"http:\/\/desarrollo.grupomedios.com\/futbol\/wp-json\/wp\/v2\/categories?post=293981"},{"taxonomy":"post_tag","embeddable":true,"href":"http:\/\/desarrollo.grupomedios.com\/futbol\/wp-json\/wp\/v2\/tags?post=293981"}],"curies":[{"name":"wp","href":"https:\/\/api.w.org\/{rel}","templated":true}]}}