{"id":294007,"date":"2015-07-17T15:08:36","date_gmt":"2015-07-17T20:08:36","guid":{"rendered":"http:\/\/futboltotal.com.mx\/?p=294007"},"modified":"2015-07-17T15:35:22","modified_gmt":"2015-07-17T20:35:22","slug":"agustin-marchesin-pone-a-temblar-a-la-comarca","status":"publish","type":"post","link":"http:\/\/desarrollo.grupomedios.com\/futbol\/futbol-mexicano\/agustin-marchesin-pone-a-temblar-a-la-comarca\/2015\/07","title":{"rendered":"Agust\u00edn Marches\u00edn pone a temblar a la Comarca"},"content":{"rendered":"<p>El guardameta de <strong>Santos<\/strong>, <strong>Agust\u00edn Marches\u00edn<\/strong>, puso a temblar a la afici\u00f3n de <strong><a href=\"http:\/\/www.futboltotal.com.mx\/equipos\/santos\/\" target=\"_blank\">Santos<\/a><\/strong>, pues public\u00f3 a trav\u00e9s de su cuenta de Instagram una imagen del club de la <strong>Comarca Lagunera<\/strong> con el trofeo de campe\u00f3n de <strong><a href=\"http:\/\/www.futboltotal.com.mx\/futbol-mexicano\/\" target=\"_blank\">Liga MX<\/a><\/strong>, acompa\u00f1ada de una frase que hizo creer a los seguidores de Torre\u00f3n, que el cancerbero saldr\u00eda del equipo.<\/p>\n<p>La publicaci\u00f3n gener\u00f3 revuelo de inmediato, pues los seguidores de <strong>Santos<\/strong> le tienen mucho aprecio al cancerbero y les dio pavor la posibilidad de que Marches\u00edn dejara la comarca, ya que interpretaron que el argentino se desped\u00eda de Torre\u00f3n.<\/p>\n<p>Los fan\u00e1ticos comenzaron a escribirle a <strong>Agust\u00edn Marches\u00edn<\/strong>\u00a0que no dejara al equipo. Algunos le suplicaron, otros lo amenazaron con perseguirlo; pero al final, el portero corrigi\u00f3 su publicaci\u00f3n, al agregarle, que buscar\u00edan el bicampeonato.<\/p>\n<p><a href=\"http:\/\/futboltotal.com.mx\/wp-content\/uploads\/2015\/07\/Instagram-agustin-marchesin.png\"><img decoding=\"async\" loading=\"lazy\" class=\"aligncenter wp-image-294016 size-full\" src=\"http:\/\/futboltotal.com.mx\/wp-content\/uploads\/2015\/07\/Instagram-agustin-marchesin.png\" alt=\"Instagram agustin marchesin\" srcset=\"http:\/\/desarrollo.grupomedios.com\/futbol\/wp-content\/uploads\/2015\/07\/Instagram-agustin-marchesin.png 477w, http:\/\/desarrollo.grupomedios.com\/futbol\/wp-content\/uploads\/2015\/07\/Instagram-agustin-marchesin-238x300.png 238w\" sizes=\"(max-width: 477px) 100vw, 477px\" \/><\/a><\/p>\n<p>M\u00e1s tarde, al ver que los reclamos continuaban,\u00a0<strong>Agust\u00edn Marches\u00edn<\/strong> respondi\u00f3 uno de los comentarios para disipar las dudas, donde asegur\u00f3 que su publicaci\u00f3n se hab\u00eda malentendido; \u00e9l seguir\u00e1 en el Santos y jugar\u00e1 el <strong>Apertura 2015<\/strong> con los albiverdes.<\/p>\n<p><a href=\"http:\/\/futboltotal.com.mx\/wp-content\/uploads\/2015\/07\/Comentario-instagram-agustin-marchesin.png\"><img decoding=\"async\" loading=\"lazy\" class=\"aligncenter wp-image-294017 size-full\" src=\"http:\/\/futboltotal.com.mx\/wp-content\/uploads\/2015\/07\/Comentario-instagram-agustin-marchesin.png\" alt=\"Comentario instagram agustin marchesin\" srcset=\"http:\/\/desarrollo.grupomedios.com\/futbol\/wp-content\/uploads\/2015\/07\/Comentario-instagram-agustin-marchesin.png 480w, http:\/\/desarrollo.grupomedios.com\/futbol\/wp-content\/uploads\/2015\/07\/Comentario-instagram-agustin-marchesin-300x127.png 300w\" sizes=\"(max-width: 480px) 100vw, 480px\" \/><\/a><\/p>\n<p>&nbsp;<\/p>\n<p>La publicaci\u00f3n de <strong>Agust\u00edn Marches\u00edn<\/strong> gener\u00f3 m\u00e1s de dos mil 500 me gusta y m\u00e1s de 160 comentarios de los fervientes seguidores de Santos y del guardameta argentino.<\/p>\n","protected":false},"excerpt":{"rendered":"<p>Aficionados de Santos creyeron que Marches\u00edn saldr\u00eda del club, por una publicaci\u00f3n en redes<\/p>\n","protected":false},"author":20,"featured_media":294031,"comment_status":"open","ping_status":"open","sticky":false,"template":"","format":"standard","meta":[],"categories":[2198,3845],"tags":[5789,5972,174],"_links":{"self":[{"href":"http:\/\/desarrollo.grupomedios.com\/futbol\/wp-json\/wp\/v2\/posts\/294007"}],"collection":[{"href":"http:\/\/desarrollo.grupomedios.com\/futbol\/wp-json\/wp\/v2\/posts"}],"about":[{"href":"http:\/\/desarrollo.grupomedios.com\/futbol\/wp-json\/wp\/v2\/types\/post"}],"author":[{"embeddable":true,"href":"http:\/\/desarrollo.grupomedios.com\/futbol\/wp-json\/wp\/v2\/users\/20"}],"replies":[{"embeddable":true,"href":"http:\/\/desarrollo.grupomedios.com\/futbol\/wp-json\/wp\/v2\/comments?post=294007"}],"version-history":[{"count":0,"href":"http:\/\/desarrollo.grupomedios.com\/futbol\/wp-json\/wp\/v2\/posts\/294007\/revisions"}],"wp:featuredmedia":[{"embeddable":true,"href":"http:\/\/desarrollo.grupomedios.com\/futbol\/wp-json\/wp\/v2\/media\/294031"}],"wp:attachment":[{"href":"http:\/\/desarrollo.grupomedios.com\/futbol\/wp-json\/wp\/v2\/media?parent=294007"}],"wp:term":[{"taxonomy":"category","embeddable":true,"href":"http:\/\/desarrollo.grupomedios.com\/futbol\/wp-json\/wp\/v2\/categories?post=294007"},{"taxonomy":"post_tag","embeddable":true,"href":"http:\/\/desarrollo.grupomedios.com\/futbol\/wp-json\/wp\/v2\/tags?post=294007"}],"curies":[{"name":"wp","href":"https:\/\/api.w.org\/{rel}","templated":true}]}}