{"id":294055,"date":"2015-07-17T17:03:17","date_gmt":"2015-07-17T22:03:17","guid":{"rendered":"http:\/\/futboltotal.com.mx\/?p=294055"},"modified":"2015-07-17T17:03:17","modified_gmt":"2015-07-17T22:03:17","slug":"roque-santa-cruz-la-incognita-del-cruz-azul","status":"publish","type":"post","link":"http:\/\/desarrollo.grupomedios.com\/futbol\/futbol-mexicano\/roque-santa-cruz-la-incognita-del-cruz-azul\/2015\/07","title":{"rendered":"Roque Santa Cruz, la inc\u00f3gnita del Cruz Azul"},"content":{"rendered":"<p>Horas cruciales vive <a href=\"http:\/\/futboltotal.com.mx\/equipos\/cruz-azul\/\" target=\"_blank\"><strong>Cruz Azul<\/strong><\/a>, pues este viernes se cierra el registro de jugadores de cara al <strong>Apertura 2015<\/strong>. Aunque a\u00fan tienen una plaza de extranjero, en la Noria se librar\u00eda un segundo cupo porque el paraguayo <strong>Roque Santa Cruz<\/strong> no entrar\u00eda en los planes del equipo.<\/p>\n<p>El delantero se lesion\u00f3 durante su participaci\u00f3n con la selecci\u00f3n guaran\u00ed en la Copa Am\u00e9rica, ah\u00ed abandon\u00f3 el juego contra Argentina por una molestia f\u00edsica que luego de diversos ex\u00e1menes m\u00e9dicos, se determin\u00f3 que el jugador estar\u00e1 10 semanas lejos de las canchas.<\/p>\n<div id=\"attachment_294056\" style=\"width: 510px\" class=\"wp-caption alignnone\"><a href=\"http:\/\/futboltotal.com.mx\/wp-content\/uploads\/2015\/07\/cruz-azul-roque-santa-cruz.png\"><img aria-describedby=\"caption-attachment-294056\" decoding=\"async\" loading=\"lazy\" class=\"wp-image-294056\" src=\"http:\/\/futboltotal.com.mx\/wp-content\/uploads\/2015\/07\/cruz-azul-roque-santa-cruz.png\" alt=\"cruz azul roque santa cruz\" srcset=\"http:\/\/desarrollo.grupomedios.com\/futbol\/wp-content\/uploads\/2015\/07\/cruz-azul-roque-santa-cruz.png 632w, http:\/\/desarrollo.grupomedios.com\/futbol\/wp-content\/uploads\/2015\/07\/cruz-azul-roque-santa-cruz-300x157.png 300w\" sizes=\"(max-width: 500px) 100vw, 500px\" \/><\/a><p id=\"caption-attachment-294056\" class=\"wp-caption-text\">Cruz Azul mantiene a Roque Santa Cruz como &#8220;pendiente&#8221;<\/p><\/div>\n<p>A una semana para que arranque el torneo, el ariete reaparecer\u00eda hasta la jornada 9, por ello <strong>Cruz Azul<\/strong> no se arriesgar\u00e1 a incluir al jugador porque se perder\u00eda media campa\u00f1a aunado al tiempo que tarde en estar al 100 por ciento.<\/p>\n<p>Una de las opciones al ataque es Mat\u00edas Vuoso, viejo conocido del t\u00e9cnico Sergio Bueno y que a\u00fan puede negociar al haber sido seleccionado nacional en el certamen sudamericano; el fichaje deber\u00e1 darse a conocer a m\u00e1s tardar esta noche.<\/p>\n<p>Cabe mencionar que el cierre de contrataciones solo se limita a jugadores que participaron en la Liga MX el semestre pasado, por lo cual la <em>M\u00e1quina<\/em> puede traer a alg\u00fan elemento del extranjero como Luis Fabiano.<\/p>\n","protected":false},"excerpt":{"rendered":"<p>La M\u00e1quina no registrar\u00eda al delantero <\/p>\n","protected":false},"author":20,"featured_media":294057,"comment_status":"open","ping_status":"open","sticky":false,"template":"","format":"standard","meta":[],"categories":[2198,3845],"tags":[5962,650],"_links":{"self":[{"href":"http:\/\/desarrollo.grupomedios.com\/futbol\/wp-json\/wp\/v2\/posts\/294055"}],"collection":[{"href":"http:\/\/desarrollo.grupomedios.com\/futbol\/wp-json\/wp\/v2\/posts"}],"about":[{"href":"http:\/\/desarrollo.grupomedios.com\/futbol\/wp-json\/wp\/v2\/types\/post"}],"author":[{"embeddable":true,"href":"http:\/\/desarrollo.grupomedios.com\/futbol\/wp-json\/wp\/v2\/users\/20"}],"replies":[{"embeddable":true,"href":"http:\/\/desarrollo.grupomedios.com\/futbol\/wp-json\/wp\/v2\/comments?post=294055"}],"version-history":[{"count":0,"href":"http:\/\/desarrollo.grupomedios.com\/futbol\/wp-json\/wp\/v2\/posts\/294055\/revisions"}],"wp:featuredmedia":[{"embeddable":true,"href":"http:\/\/desarrollo.grupomedios.com\/futbol\/wp-json\/wp\/v2\/media\/294057"}],"wp:attachment":[{"href":"http:\/\/desarrollo.grupomedios.com\/futbol\/wp-json\/wp\/v2\/media?parent=294055"}],"wp:term":[{"taxonomy":"category","embeddable":true,"href":"http:\/\/desarrollo.grupomedios.com\/futbol\/wp-json\/wp\/v2\/categories?post=294055"},{"taxonomy":"post_tag","embeddable":true,"href":"http:\/\/desarrollo.grupomedios.com\/futbol\/wp-json\/wp\/v2\/tags?post=294055"}],"curies":[{"name":"wp","href":"https:\/\/api.w.org\/{rel}","templated":true}]}}