{"id":294085,"date":"2015-07-18T09:43:49","date_gmt":"2015-07-18T14:43:49","guid":{"rendered":"http:\/\/futboltotal.com.mx\/?p=294085"},"modified":"2015-07-18T13:27:42","modified_gmt":"2015-07-18T18:27:42","slug":"chicharito-perfilado-para-ser-el-segundo-delantero-de-van-gaal","status":"publish","type":"post","link":"http:\/\/desarrollo.grupomedios.com\/futbol\/destacado-home\/chicharito-perfilado-para-ser-el-segundo-delantero-de-van-gaal\/2015\/07","title":{"rendered":"Chicharito, ser\u00eda el segundo delantero para Van Gaal"},"content":{"rendered":"<p>Javier <strong>Chicharito<\/strong> Hern\u00e1ndez contar\u00e1 con m\u00e1s oportunidades para este nuevo curso que se avecina con el <strong>Manchester United<\/strong>, as\u00ed lo hizo saber Louis Van Gaal a la prensa, todo por los cuestionamientos sobre la escasez de atacantes en los <em>Red Devils<\/em>.<\/p>\n<p>&#8221; Tendr\u00e1 su oportunidad de mostrarse&#8221;, declar\u00f3 Van Gaal. &#8220;Ahora sus posibilidades son mejores&#8221;, abund\u00f3 el t\u00e9cnico al finalizar el duelo\u00a0de su gira por Estados Unidos,\u00a0donde hizo su debut de pretemporada contra el Am\u00e9rica en Seattle, en un duelo en el que se impuso 1-0 con solitaria anotaci\u00f3n del refuerzo franc\u00e9s Morgan Schneiderlin apenas en los albores del partido (5).<\/p>\n<p><strong>Chicharito<\/strong> tuvo que salir del equipo\u00a0la temporada pasada ante las opciones ofensivas de miedo con las que contaban\u00a0los <em>Red Devils,<\/em> que inclu\u00edan a los goleadores Robin Van Persie, Radamel Falcao y el capit\u00e1n Wayne Rooney, sin embargo, Van Persie y Falcao emigraron al Fenerbah\u00e7e y Chelsea,\u00a0y hay una oportunidad latente de conseguir m\u00e1s minutos para el mexicano.<\/p>\n<p>Tambi\u00e9n fue preguntado sobre si el Manchester United espera reforzarse al ataque, a lo que el timonel holand\u00e9s se mostr\u00f3 cauto, indicando que tiene buenas opciones a la ofensiva.<\/p>\n<p>&#8220;Nosotros tenemos a Rooney, el puede jugar en la posici\u00f3n de centro delantero,\u00a0y todos los medios han escrito que deb\u00eda jugar all\u00ed, as\u00ed que escucho\u00a0jugar\u00e1 ah\u00ed&#8221;, enfatiz\u00f3. &#8220;Tambi\u00e9n Chicharito y quiz\u00e1s Wilson y quiz\u00e1s venga una sorpresa. Es un proceso. No estoy preocupado por esa posici\u00f3n&#8221;, se\u00f1al\u00f3 Van Gaal a la prensa inglesa.<\/p>\n<p>Hern\u00e1ndez tendr\u00e1 que reportarse al Manchester United el 25 de julio para los trabajos de pretemporada y continuar su rehabilitaci\u00f3n de la fractura de clav\u00edcula que sufri\u00f3 durante el encuentro amistoso de la Selecci\u00f3n Mexicana frente a Honduras el 1\u00b0 de julio. El atacante mexicano espera estar listo para lo que ser\u00e1 el primer partido del\u00a0Manchester United en la Premier League el pr\u00f3ximo 8 de agosto en casa frente al Tottenham Hotspur.<\/p>\n","protected":false},"excerpt":{"rendered":"<p>El estratega holand\u00e9s indic\u00f3 que cuenta con el mexicano y tambi\u00e9n con James Wilson al ataque<\/p>\n","protected":false},"author":20,"featured_media":287083,"comment_status":"open","ping_status":"open","sticky":false,"template":"","format":"standard","meta":[],"categories":[5],"tags":[120,43,5198],"_links":{"self":[{"href":"http:\/\/desarrollo.grupomedios.com\/futbol\/wp-json\/wp\/v2\/posts\/294085"}],"collection":[{"href":"http:\/\/desarrollo.grupomedios.com\/futbol\/wp-json\/wp\/v2\/posts"}],"about":[{"href":"http:\/\/desarrollo.grupomedios.com\/futbol\/wp-json\/wp\/v2\/types\/post"}],"author":[{"embeddable":true,"href":"http:\/\/desarrollo.grupomedios.com\/futbol\/wp-json\/wp\/v2\/users\/20"}],"replies":[{"embeddable":true,"href":"http:\/\/desarrollo.grupomedios.com\/futbol\/wp-json\/wp\/v2\/comments?post=294085"}],"version-history":[{"count":0,"href":"http:\/\/desarrollo.grupomedios.com\/futbol\/wp-json\/wp\/v2\/posts\/294085\/revisions"}],"wp:featuredmedia":[{"embeddable":true,"href":"http:\/\/desarrollo.grupomedios.com\/futbol\/wp-json\/wp\/v2\/media\/287083"}],"wp:attachment":[{"href":"http:\/\/desarrollo.grupomedios.com\/futbol\/wp-json\/wp\/v2\/media?parent=294085"}],"wp:term":[{"taxonomy":"category","embeddable":true,"href":"http:\/\/desarrollo.grupomedios.com\/futbol\/wp-json\/wp\/v2\/categories?post=294085"},{"taxonomy":"post_tag","embeddable":true,"href":"http:\/\/desarrollo.grupomedios.com\/futbol\/wp-json\/wp\/v2\/tags?post=294085"}],"curies":[{"name":"wp","href":"https:\/\/api.w.org\/{rel}","templated":true}]}}