{"id":294150,"date":"2015-07-18T12:00:34","date_gmt":"2015-07-18T17:00:34","guid":{"rendered":"http:\/\/futboltotal.com.mx\/?p=294150"},"modified":"2015-08-26T12:17:13","modified_gmt":"2015-08-26T17:17:13","slug":"roque-santa-cruz-fue-dado-de-baja-por-cruz-azul","status":"publish","type":"post","link":"http:\/\/desarrollo.grupomedios.com\/futbol\/destacado-home\/roque-santa-cruz-fue-dado-de-baja-por-cruz-azul\/2015\/07","title":{"rendered":"Roque Santa Cruz dice adi\u00f3s al Cruz Azul"},"content":{"rendered":"<p>Mal y de malas cerr\u00f3 el viernes para el <strong>Cruz Azul<\/strong>, que sumado a su necesidad por fichar un delantero para el pr\u00f3ximo torneo, ahora ni siquiera tendr\u00e1 al que fue su refuerzo bomba en el pasado curso, pues el paraguayo <strong>Roque Santa Cruz<\/strong> fue dado de baja del club, raz\u00f3n que obligar\u00e1 al delantero a salir del futbol mexicano.<\/p>\n<p>Luego de un torneo en el que se pas\u00f3 la mayor parte del tiempo lesionado, el atacante <em>guaran\u00ed<\/em> repiti\u00f3 la f\u00f3rmula en este verano y cay\u00f3 lesionado en la Copa Am\u00e9rica, en un duelo ante Argentina por las semifinales. Santa Cruz dice adi\u00f3s a la instituci\u00f3n debido a que la lesi\u00f3n que sufre lo dejar\u00e1 al menos 10 semanas fuera y Cruz Azul no quiso correr el riesgo de mantenerlo en la enfermer\u00eda por tanto tiempo ni\u00a0con riesgo de una reca\u00edda.<\/p>\n<p>El ex del Bayern M\u00fanich fue evaluado en Guadalajara por el doctor Rafael Ortega, quien descart\u00f3 una operaci\u00f3n, pero s\u00ed determin\u00f3 el lapso que requerir\u00e1 el futbolista para reintegrarse al cien por ciento.\u00a0De esta manera, La M\u00e1quina anunci\u00f3 que el elemento causar\u00e1 baja y se quedar\u00e1 con una plaza de extranjero disponible.<\/p>\n<p>Roque apenas disput\u00f3 631 minutos del certamen anterior, pero a pesar de esta situaci\u00f3n fue el mejor goleador de Cruz Azul, al incrustar cuatro veces la redonda en el arco ajeno.<\/p>\n","protected":false},"excerpt":{"rendered":"<p>El delantero paraguayo no fue registrado para el Apertura 2015<\/p>\n","protected":false},"author":20,"featured_media":294152,"comment_status":"open","ping_status":"open","sticky":false,"template":"","format":"standard","meta":[],"categories":[5,2198,3845],"tags":[5962,64,650],"_links":{"self":[{"href":"http:\/\/desarrollo.grupomedios.com\/futbol\/wp-json\/wp\/v2\/posts\/294150"}],"collection":[{"href":"http:\/\/desarrollo.grupomedios.com\/futbol\/wp-json\/wp\/v2\/posts"}],"about":[{"href":"http:\/\/desarrollo.grupomedios.com\/futbol\/wp-json\/wp\/v2\/types\/post"}],"author":[{"embeddable":true,"href":"http:\/\/desarrollo.grupomedios.com\/futbol\/wp-json\/wp\/v2\/users\/20"}],"replies":[{"embeddable":true,"href":"http:\/\/desarrollo.grupomedios.com\/futbol\/wp-json\/wp\/v2\/comments?post=294150"}],"version-history":[{"count":0,"href":"http:\/\/desarrollo.grupomedios.com\/futbol\/wp-json\/wp\/v2\/posts\/294150\/revisions"}],"wp:featuredmedia":[{"embeddable":true,"href":"http:\/\/desarrollo.grupomedios.com\/futbol\/wp-json\/wp\/v2\/media\/294152"}],"wp:attachment":[{"href":"http:\/\/desarrollo.grupomedios.com\/futbol\/wp-json\/wp\/v2\/media?parent=294150"}],"wp:term":[{"taxonomy":"category","embeddable":true,"href":"http:\/\/desarrollo.grupomedios.com\/futbol\/wp-json\/wp\/v2\/categories?post=294150"},{"taxonomy":"post_tag","embeddable":true,"href":"http:\/\/desarrollo.grupomedios.com\/futbol\/wp-json\/wp\/v2\/tags?post=294150"}],"curies":[{"name":"wp","href":"https:\/\/api.w.org\/{rel}","templated":true}]}}