{"id":294193,"date":"2015-07-18T16:04:14","date_gmt":"2015-07-18T21:04:14","guid":{"rendered":"http:\/\/futboltotal.com.mx\/?p=294193"},"modified":"2015-07-18T16:04:14","modified_gmt":"2015-07-18T21:04:14","slug":"iker-casillas-debuta-con-victoria-en-el-porto","status":"publish","type":"post","link":"http:\/\/desarrollo.grupomedios.com\/futbol\/futbol-internacional\/iker-casillas-debuta-con-victoria-en-el-porto\/2015\/07","title":{"rendered":"Iker Casillas debuta con victoria en el Porto"},"content":{"rendered":"<p>El guardameta espa\u00f1ol, <strong>Iker Casillas<\/strong>\u00a0inici\u00f3 su nueva aventura con el conjunto del <strong>Porto <\/strong>de una incre\u00edble forma<strong>.<\/strong>\u00a0En el segundo encuentro de preparaci\u00f3n de los <em>dragones<\/em>, el ex<em>merengue<\/em> debut\u00f3 como titular en la victoria que obtuvo su equipo de 2-0 ante el conjunto alem\u00e1n del Duisburg FC.<\/p>\n<p>Mientras que el nuevo proyecto del <strong>Real Madrid<\/strong> inici\u00f3 con una derrota en la tanda de penales, la nueva trayectoria de Casillas empez\u00f3 con el pie derecho. Bajo las \u00f3rdenes del estratega Julen Lopetegui, el cancerbero espa\u00f1ol tuvo una buena actuaci\u00f3n \u00a0en los primeros 45 minutos del encuentro.<\/p>\n<p>Durante la primera mitad, los <em>dragones<\/em> impusieron su ritmo de juego ante el equipo de la segunda divisi\u00f3n alemana, sin embargo, ante las constantes llegadas del Porto, la buena actuaci\u00f3n del arquero Ratajczak evit\u00f3 que Bueno, Tello e Imbula se hicieran presentes en el marcador.<\/p>\n<p>Para la parte complementaria, el Porto cambio pr\u00e1cticamente a todo su plantel, de los once que se fueron al descanso solo Aboubakar regres\u00f3 para segunda mitad. Con un nuevo planteamiento, los <em>dragones<\/em> se fueron al ataque, cada ofensiva que realizaban era abatida por el guardameta, no obstante, para el minuto 60, el conjunto luso\u00a0aprovech\u00f3 su oportunidad y abri\u00f3 el marcador gracias a un gol de Brahimi. Finalmente, cuatro minutos m\u00e1s tarde, la victoria del cuadro portugu\u00e9s se concretar\u00eda por una nueva anotaci\u00f3n del futbolista argelino.<\/p>\n<p>El arquero mexicano, <strong>Ra\u00fal Gudi\u00f1o<\/strong>, no vio minutos en este encuentro, sin embargo, todo indica que se perfilar\u00e1 como el tercer portero de la escuadra portuguesa. En sustituci\u00f3n de Casillas ingres\u00f3 Helton, guardameta de 37 a\u00f1os de edad.<\/p>\n","protected":false},"excerpt":{"rendered":"<p>El cancerbero espa\u00f1ol se fue con la valla invicta y grandes sensaciones <\/p>\n","protected":false},"author":20,"featured_media":294195,"comment_status":"open","ping_status":"open","sticky":false,"template":"","format":"standard","meta":[],"categories":[3839,3844],"tags":[5795,6019,1208],"_links":{"self":[{"href":"http:\/\/desarrollo.grupomedios.com\/futbol\/wp-json\/wp\/v2\/posts\/294193"}],"collection":[{"href":"http:\/\/desarrollo.grupomedios.com\/futbol\/wp-json\/wp\/v2\/posts"}],"about":[{"href":"http:\/\/desarrollo.grupomedios.com\/futbol\/wp-json\/wp\/v2\/types\/post"}],"author":[{"embeddable":true,"href":"http:\/\/desarrollo.grupomedios.com\/futbol\/wp-json\/wp\/v2\/users\/20"}],"replies":[{"embeddable":true,"href":"http:\/\/desarrollo.grupomedios.com\/futbol\/wp-json\/wp\/v2\/comments?post=294193"}],"version-history":[{"count":0,"href":"http:\/\/desarrollo.grupomedios.com\/futbol\/wp-json\/wp\/v2\/posts\/294193\/revisions"}],"wp:featuredmedia":[{"embeddable":true,"href":"http:\/\/desarrollo.grupomedios.com\/futbol\/wp-json\/wp\/v2\/media\/294195"}],"wp:attachment":[{"href":"http:\/\/desarrollo.grupomedios.com\/futbol\/wp-json\/wp\/v2\/media?parent=294193"}],"wp:term":[{"taxonomy":"category","embeddable":true,"href":"http:\/\/desarrollo.grupomedios.com\/futbol\/wp-json\/wp\/v2\/categories?post=294193"},{"taxonomy":"post_tag","embeddable":true,"href":"http:\/\/desarrollo.grupomedios.com\/futbol\/wp-json\/wp\/v2\/tags?post=294193"}],"curies":[{"name":"wp","href":"https:\/\/api.w.org\/{rel}","templated":true}]}}