{"id":294299,"date":"2015-07-18T22:08:23","date_gmt":"2015-07-19T03:08:23","guid":{"rendered":"http:\/\/futboltotal.com.mx\/?p=294299"},"modified":"2015-07-18T22:08:23","modified_gmt":"2015-07-19T03:08:23","slug":"chelsea-prepara-oferta-de-29-mde-por-john-stones","status":"publish","type":"post","link":"http:\/\/desarrollo.grupomedios.com\/futbol\/futbol-internacional\/chelsea-prepara-oferta-de-29-mde-por-john-stones\/2015\/07","title":{"rendered":"Chelsea prepara oferta de 29 MDE por John Stones"},"content":{"rendered":"<p>El t\u00e9cnico del <strong>Chelsea<\/strong>, Jos\u00e9 Mourinho, no quiere esperar otro torneo m\u00e1s y se aferra a hacerse con los servicios de la joya del <strong>Everton<\/strong>, <strong>John Stones<\/strong>, defensa que se perfila como objeto de deseo en toda la <strong>Premier League<\/strong>.<\/p>\n<p>Aunque el monto de 29 millones de euros suena tentador para <em>The Toffes<\/em>, la realidad es que la directiva ya advirti\u00f3 que el joven de 21 a\u00f1os de edad no est\u00e1 en venta. Empero, esto no es impedimento para el estratega portugu\u00e9s, pues afirm\u00f3 que planean subir la vara hasta donde su presupuesto lo permita.<\/p>\n<p>&#8220;Si ma\u00f1ana <strong>Everton<\/strong> viene y dice &#8216;por el momento no aceptamos esta oferta&#8221;; y no dicen: &#8216;No aceptamos cualquier oferta&#8217;, nos podemos mejorar la oferta. Una libra m\u00e1s, 10 libras m\u00e1s, podemos mejorarla&#8221;, se\u00f1al\u00f3 el timonel del <strong>Chelsea<\/strong>.<\/p>\n<p>&#8220;Hicimos una oferta, lo podemos hacer, es un mercado abierto hasta el 1 de septiembre. No hicimos una oferta el 2 de septiembre o en marzo, o dos d\u00edas antes de que jugamos contra el Everton. Estamos haciendo la oferta en el per\u00edodo que tenemos que hacer, que es el mercado abierto\u201d, a\u00f1adi\u00f3.<\/p>\n<p>Durante la temporada 2014-15, <strong>John Stones<\/strong> se consolid\u00f3 en la titularidad del <strong>Everton<\/strong>, donde sum\u00f3 2 mil 44 minutos e incluso le hizo un gol al Manchester United.<\/p>\n<p>\u00bfTe gustar\u00eda esta contrataci\u00f3n para <strong>Chelsea<\/strong>, <em>crack<\/em>?<\/p>\n","protected":false},"excerpt":{"rendered":"<p>Jos\u00e9 Mourinho se aferra a la joya del Everton <\/p>\n","protected":false},"author":20,"featured_media":294300,"comment_status":"open","ping_status":"open","sticky":false,"template":"","format":"standard","meta":[],"categories":[3839,3846],"tags":[5981,219,334],"_links":{"self":[{"href":"http:\/\/desarrollo.grupomedios.com\/futbol\/wp-json\/wp\/v2\/posts\/294299"}],"collection":[{"href":"http:\/\/desarrollo.grupomedios.com\/futbol\/wp-json\/wp\/v2\/posts"}],"about":[{"href":"http:\/\/desarrollo.grupomedios.com\/futbol\/wp-json\/wp\/v2\/types\/post"}],"author":[{"embeddable":true,"href":"http:\/\/desarrollo.grupomedios.com\/futbol\/wp-json\/wp\/v2\/users\/20"}],"replies":[{"embeddable":true,"href":"http:\/\/desarrollo.grupomedios.com\/futbol\/wp-json\/wp\/v2\/comments?post=294299"}],"version-history":[{"count":0,"href":"http:\/\/desarrollo.grupomedios.com\/futbol\/wp-json\/wp\/v2\/posts\/294299\/revisions"}],"wp:featuredmedia":[{"embeddable":true,"href":"http:\/\/desarrollo.grupomedios.com\/futbol\/wp-json\/wp\/v2\/media\/294300"}],"wp:attachment":[{"href":"http:\/\/desarrollo.grupomedios.com\/futbol\/wp-json\/wp\/v2\/media?parent=294299"}],"wp:term":[{"taxonomy":"category","embeddable":true,"href":"http:\/\/desarrollo.grupomedios.com\/futbol\/wp-json\/wp\/v2\/categories?post=294299"},{"taxonomy":"post_tag","embeddable":true,"href":"http:\/\/desarrollo.grupomedios.com\/futbol\/wp-json\/wp\/v2\/tags?post=294299"}],"curies":[{"name":"wp","href":"https:\/\/api.w.org\/{rel}","templated":true}]}}