{"id":294334,"date":"2015-07-19T13:10:10","date_gmt":"2015-07-19T18:10:10","guid":{"rendered":"http:\/\/futboltotal.com.mx\/?p=294334"},"modified":"2015-07-19T13:10:10","modified_gmt":"2015-07-19T18:10:10","slug":"edin-dzeko-nuevo-objetivo-del-arsenal","status":"publish","type":"post","link":"http:\/\/desarrollo.grupomedios.com\/futbol\/futbol-internacional\/edin-dzeko-nuevo-objetivo-del-arsenal\/2015\/07","title":{"rendered":"Edin Dzeko, nuevo objetivo del Arsenal"},"content":{"rendered":"<p>El entrenador del <strong>Arsenal <\/strong>de la <strong>Premier League<\/strong>, <strong>Ars\u00e8ne Wenger<\/strong>, desminti\u00f3 los rumores que vinculan al futbolista del <strong>Real Madrid, Karim Benzema<\/strong>, con la escuadra londinense, sin embargo, si tiene como objetivo un atacante de los que seguramente ser\u00e1n sus competidores por el t\u00edtulo, los <em>Citizens<\/em>. El estratega franc\u00e9s busca la firma de Edin Dzeko para la pr\u00f3xima campa\u00f1a.<\/p>\n<p>Luego de que se publicara el viernes pasado a trav\u00e9s del rotativo ingl\u00e9s, <em>The Sun<\/em>, la informaci\u00f3n que indicaba que los <em>gunners <\/em>estaban dispuestos a pagar 57 millones de euros por el atacante <em>merengue<\/em>, el t\u00e9cnico\u00a0galo desminti\u00f3 que se encuentre interesado en adquirir los servicios de Benzema.<\/p>\n<p>En rueda de prensa previo al partido de la Barclays Asia Trophy frente al Everton, puso fin a los rumores de la oferta que vinculaban al <em>Gato<\/em> con el Arsenal. &#8220;No s\u00e9 de donde vienen esas informaciones, pero por el momento no est\u00e1 sucediendo&#8221;, mencion\u00f3 Ars\u00e8ne en la comparecencia.<\/p>\n<p>El que s\u00ed est\u00e1 en el radar para ser fichado es\u00a0<strong>Edin Dzeko<\/strong>, La prensa inglesa destac\u00f3\u00a0este d\u00eda, que el Arsenal se suma a la pugna contra la Roma por adquirir el fichaje del delantero del Manchester City.<\/p>\n<p>El futbolista de 29 a\u00f1os de edad, tiene contrato que lo vincula con la escuadra de los ciudadanos hasta verano del 2018, sin embargo, tras la contrataci\u00f3n de Raheem Sterling y la posible llegada de Kevin De Bruyne, hacen probable su salida del club porque el esquema t\u00e1ctico ser\u00eda modificado.<\/p>\n<p>Cabe destacar, que el rumor de este jugador con el Arsenal\u00a0tom\u00f3 fuerza luego de que hace unos d\u00edas, el t\u00e9cnico Wenger, diera a conocer que la recuperaci\u00f3n de la lesi\u00f3n que tuvo el jugador Danny Welbeck al cierre de la temporada pasada tardar\u00e1 m\u00e1s tiempo de lo que se ten\u00eda considerado.<\/p>\n<p>&#8220;Welbeck no est\u00e1 completamente recuperado de los problemas que tuvo al final de la temporada pasada y a\u00fan no entrena con normalidad&#8221;.<\/p>\n<p>&nbsp;<\/p>\n","protected":false},"excerpt":{"rendered":"<p>La lenta recuperaci\u00f3n de la lesi\u00f3n de Welbeck ha provocado que el t\u00e9cnico londinense busque otro delantero<\/p>\n","protected":false},"author":20,"featured_media":294346,"comment_status":"open","ping_status":"open","sticky":false,"template":"","format":"standard","meta":[],"categories":[3839,3844,3846],"tags":[6044,627,5993],"_links":{"self":[{"href":"http:\/\/desarrollo.grupomedios.com\/futbol\/wp-json\/wp\/v2\/posts\/294334"}],"collection":[{"href":"http:\/\/desarrollo.grupomedios.com\/futbol\/wp-json\/wp\/v2\/posts"}],"about":[{"href":"http:\/\/desarrollo.grupomedios.com\/futbol\/wp-json\/wp\/v2\/types\/post"}],"author":[{"embeddable":true,"href":"http:\/\/desarrollo.grupomedios.com\/futbol\/wp-json\/wp\/v2\/users\/20"}],"replies":[{"embeddable":true,"href":"http:\/\/desarrollo.grupomedios.com\/futbol\/wp-json\/wp\/v2\/comments?post=294334"}],"version-history":[{"count":0,"href":"http:\/\/desarrollo.grupomedios.com\/futbol\/wp-json\/wp\/v2\/posts\/294334\/revisions"}],"wp:featuredmedia":[{"embeddable":true,"href":"http:\/\/desarrollo.grupomedios.com\/futbol\/wp-json\/wp\/v2\/media\/294346"}],"wp:attachment":[{"href":"http:\/\/desarrollo.grupomedios.com\/futbol\/wp-json\/wp\/v2\/media?parent=294334"}],"wp:term":[{"taxonomy":"category","embeddable":true,"href":"http:\/\/desarrollo.grupomedios.com\/futbol\/wp-json\/wp\/v2\/categories?post=294334"},{"taxonomy":"post_tag","embeddable":true,"href":"http:\/\/desarrollo.grupomedios.com\/futbol\/wp-json\/wp\/v2\/tags?post=294334"}],"curies":[{"name":"wp","href":"https:\/\/api.w.org\/{rel}","templated":true}]}}