{"id":294425,"date":"2015-07-19T17:00:52","date_gmt":"2015-07-19T22:00:52","guid":{"rendered":"http:\/\/futboltotal.com.mx\/?p=294425"},"modified":"2015-07-19T17:00:52","modified_gmt":"2015-07-19T22:00:52","slug":"grupo-terrorista-derrumba-estadio-en-irak","status":"publish","type":"post","link":"http:\/\/desarrollo.grupomedios.com\/futbol\/futbol-internacional\/grupo-terrorista-derrumba-estadio-en-irak\/2015\/07","title":{"rendered":"Grupo terrorista derrumba estadio en Irak"},"content":{"rendered":"<p>Haciendo uso de tres toneladas y media de explosivos, el <b>grupo terrorista Estado Isl\u00e1mico<\/b> derrumb\u00f3 el <b>Estadio Ol\u00edmpico<\/b> de Ramadi, en <strong>Irak<\/strong>, con un aforo de aproximadamente 30 mil personas.<\/p>\n<p>El <b>Estado Isl\u00e1mico<\/b> pretende as\u00ed evitar que se controle la ciudad por fuerzas leales al gobierno iraqu\u00ed. De este modo, han colocado explosivos a lo largo de la ciudad en una estrategia que puede calificarse de <i>tierra quemada<\/i>.<\/p>\n<p>En cuanto al derrumbe del Estadio Nacional, se informa que el grupo terrorista,\u00a0tambi\u00e9n conocido como <em>Isis<\/em>, deton\u00f3 v\u00eda control remoto el recinto con explosivos que colocaron durante varios d\u00edas en la periferia del recinto.<\/p>\n<p>El estadio, construido en un 60 por ciento, era considerado como uno de los s\u00edmbolos del futuro de <b>Irak<\/b> y uno de los grandes proyectos posterior a la guerra de 2003 que pretend\u00eda representar la renovaci\u00f3n luego de los lagos a\u00f1os de la dictadura de <b>Sadam Husein<\/b>.<\/p>\n<p>El proyecto estaba valorado en 100 millones de d\u00f3lares, porque tambi\u00e9n se concretaba la creaci\u00f3n de una villa ol\u00edmpica con residencias para los atletas, pistas de entrenamiento, aparcamientos, bibliotecas y tambi\u00e9n un centro de radiotelevisi\u00f3n.\u00a0Todos los futuribles empleados ol\u00edmpicos podr\u00edan alojarse en el hotel que tambi\u00e9n estaba planificado y que iba a contar con 80 habitaciones.<\/p>\n<p>El medio deportivo Ahdaaf\u00a0public\u00f3 im\u00e1genes\u00a0de\u00a0la\u00a0exposici\u00f3n del\u00a0<b>grupo terrorista Estado Isl\u00e1mico<\/b>\u00a0del\u00a0<b>Estadio Ol\u00edmpico<\/b>.<\/p>\n<blockquote class=\"twitter-tweet\" lang=\"es\">\n<p dir=\"ltr\" lang=\"en\"><a href=\"https:\/\/twitter.com\/hashtag\/ISIS?src=hash\">#ISIS<\/a> announce they have destroyed the Olympic Stadium in Iraqi city of Ramadi with explosives. [~ <a href=\"https:\/\/twitter.com\/skynewsarabia\">@skynewsarabia<\/a>] <a href=\"http:\/\/t.co\/RnZMwiAkEn\">pic.twitter.com\/RnZMwiAkEn<\/a><\/p>\n<p>\u2014 Ahdaaf (@ahdaafme) <a href=\"https:\/\/twitter.com\/ahdaafme\/status\/622778403557519360\">julio 19, 2015<\/a><\/p><\/blockquote>\n<p><script src=\"\/\/platform.twitter.com\/widgets.js\" async=\"\" charset=\"utf-8\"><\/script><\/p>\n","protected":false},"excerpt":{"rendered":"<p>Estado Isl\u00e1mico deton\u00f3 el recinto de la ciudad de Ramadi<\/p>\n","protected":false},"author":20,"featured_media":294427,"comment_status":"open","ping_status":"open","sticky":false,"template":"","format":"standard","meta":[],"categories":[3839],"tags":[1227,5807],"_links":{"self":[{"href":"http:\/\/desarrollo.grupomedios.com\/futbol\/wp-json\/wp\/v2\/posts\/294425"}],"collection":[{"href":"http:\/\/desarrollo.grupomedios.com\/futbol\/wp-json\/wp\/v2\/posts"}],"about":[{"href":"http:\/\/desarrollo.grupomedios.com\/futbol\/wp-json\/wp\/v2\/types\/post"}],"author":[{"embeddable":true,"href":"http:\/\/desarrollo.grupomedios.com\/futbol\/wp-json\/wp\/v2\/users\/20"}],"replies":[{"embeddable":true,"href":"http:\/\/desarrollo.grupomedios.com\/futbol\/wp-json\/wp\/v2\/comments?post=294425"}],"version-history":[{"count":0,"href":"http:\/\/desarrollo.grupomedios.com\/futbol\/wp-json\/wp\/v2\/posts\/294425\/revisions"}],"wp:featuredmedia":[{"embeddable":true,"href":"http:\/\/desarrollo.grupomedios.com\/futbol\/wp-json\/wp\/v2\/media\/294427"}],"wp:attachment":[{"href":"http:\/\/desarrollo.grupomedios.com\/futbol\/wp-json\/wp\/v2\/media?parent=294425"}],"wp:term":[{"taxonomy":"category","embeddable":true,"href":"http:\/\/desarrollo.grupomedios.com\/futbol\/wp-json\/wp\/v2\/categories?post=294425"},{"taxonomy":"post_tag","embeddable":true,"href":"http:\/\/desarrollo.grupomedios.com\/futbol\/wp-json\/wp\/v2\/tags?post=294425"}],"curies":[{"name":"wp","href":"https:\/\/api.w.org\/{rel}","templated":true}]}}