{"id":294442,"date":"2015-07-19T18:17:57","date_gmt":"2015-07-19T23:17:57","guid":{"rendered":"http:\/\/futboltotal.com.mx\/?p=294442"},"modified":"2015-07-19T18:17:57","modified_gmt":"2015-07-19T23:17:57","slug":"pikolin-se-queda-en-morelia-o-va-a-la-mls","status":"publish","type":"post","link":"http:\/\/desarrollo.grupomedios.com\/futbol\/futbol-mexicano\/pikolin-se-queda-en-morelia-o-va-a-la-mls\/2015\/07","title":{"rendered":"Pikol\u00edn, \u00bfse queda en Morelia o va a la MLS?"},"content":{"rendered":"<p>&#8220;Buscar\u00e9 en Estados Unidos&#8221;, confes\u00f3 hace unos d\u00edas el defensa mexicano <b>Marco Palacios<\/b> luego de no entrar en planes de <i>Monarcas<\/i>. Y aunque ahora parece que el t\u00e9cnico de <b>Morelia<\/b>, Enrique Meza, le brindar\u00e1 una nueva oportunidad al <i>Pikol\u00edn<\/i>, todo indica que \u00e9sta llegar\u00eda a cuentagotas.<\/p>\n<p>Ante la llegada de refuerzos defensivos al <b>Morelia<\/b>, <i>Pikol\u00edn<\/i>\u00a0busca emigrar a la MLS, pues en la entidad <i>pur\u00e9pecha<\/i> tendr\u00eda escasos minutos, situaci\u00f3n que sabe el propio jugador y la misma directiva de <i>Monarcas<\/i>.<\/p>\n<p>&#8220;Es un caso complicado. Tenemos muchos jugadores de la posici\u00f3n, si se integra uno m\u00e1s, la competencia va a ser muy amplia y va haber pocos minutos para alguien&#8221;, apunt\u00f3 Roberto Hern\u00e1ndez, vicepresidente deportivo de <b>Morelia<\/b>.<\/p>\n<p>A escasos d\u00edas del arranque del <b>Apertura 2015<\/b>, el futuro es altamente incierto para el <em>Pikol\u00edn<\/em><strong> Palacios<\/strong>, quien a\u00fan busca una\u00a0opci\u00f3n en\u00a0el futbol de Estados Unidos, luego de no encontrar acomodo en\u00a0la <strong>Liga MX<\/strong>.<\/p>\n<p>\u201cEn el Draft no sucedi\u00f3 nada, no encontr\u00f3 un equipo para poderse ubicar. Hoy por hoy, el <i>Profe<\/i> Meza no lo descarta del todo. Tiene contrato con nosotros, vamos a cumplir al m\u00e1ximo y vamos a buscar lo mejor para las dos partes. Si lo mejor es que se quede, se va a quedar&#8221;, dijo Roberto Hern\u00e1ndez en entrevista con <i>MedioTiempo<\/i>.<\/p>\n<p>El veterano jugador 34 a\u00f1os de edad dej\u00f3 a los <strong>Pumas<\/strong>\u00a0de la<strong> UNAM<\/strong> con los que acumul\u00f3 10 a\u00f1os (en dos etapas) en el pasado torneo\u00a0para\u00a0llegar a\u00a0<em>Monarcas<\/em> <strong>Morelia<\/strong> como refuerzo del Clausura 2015. Sin embargo,\u00a0no logr\u00f3 consagrarse; si bien cerr\u00f3 como titular indiscutible, fue incapaz de darle regularidad a la zaga.<\/p>\n","protected":false},"excerpt":{"rendered":"<p>En Monarcas, los minutos de juego llegar\u00edan a cuentagotas<\/p>\n","protected":false},"author":20,"featured_media":294445,"comment_status":"open","ping_status":"open","sticky":false,"template":"","format":"standard","meta":[],"categories":[2198,3845],"tags":[784,5967,2835],"_links":{"self":[{"href":"http:\/\/desarrollo.grupomedios.com\/futbol\/wp-json\/wp\/v2\/posts\/294442"}],"collection":[{"href":"http:\/\/desarrollo.grupomedios.com\/futbol\/wp-json\/wp\/v2\/posts"}],"about":[{"href":"http:\/\/desarrollo.grupomedios.com\/futbol\/wp-json\/wp\/v2\/types\/post"}],"author":[{"embeddable":true,"href":"http:\/\/desarrollo.grupomedios.com\/futbol\/wp-json\/wp\/v2\/users\/20"}],"replies":[{"embeddable":true,"href":"http:\/\/desarrollo.grupomedios.com\/futbol\/wp-json\/wp\/v2\/comments?post=294442"}],"version-history":[{"count":0,"href":"http:\/\/desarrollo.grupomedios.com\/futbol\/wp-json\/wp\/v2\/posts\/294442\/revisions"}],"wp:featuredmedia":[{"embeddable":true,"href":"http:\/\/desarrollo.grupomedios.com\/futbol\/wp-json\/wp\/v2\/media\/294445"}],"wp:attachment":[{"href":"http:\/\/desarrollo.grupomedios.com\/futbol\/wp-json\/wp\/v2\/media?parent=294442"}],"wp:term":[{"taxonomy":"category","embeddable":true,"href":"http:\/\/desarrollo.grupomedios.com\/futbol\/wp-json\/wp\/v2\/categories?post=294442"},{"taxonomy":"post_tag","embeddable":true,"href":"http:\/\/desarrollo.grupomedios.com\/futbol\/wp-json\/wp\/v2\/tags?post=294442"}],"curies":[{"name":"wp","href":"https:\/\/api.w.org\/{rel}","templated":true}]}}