{"id":294694,"date":"2015-07-20T09:33:16","date_gmt":"2015-07-20T14:33:16","guid":{"rendered":"http:\/\/futboltotal.com.mx\/?p=294694"},"modified":"2015-07-20T09:33:16","modified_gmt":"2015-07-20T14:33:16","slug":"pep-guardiola-sera-candidato-a-diputado","status":"publish","type":"post","link":"http:\/\/desarrollo.grupomedios.com\/futbol\/futbol-internacional\/pep-guardiola-sera-candidato-a-diputado\/2015\/07","title":{"rendered":"Pep Guardiola ser\u00e1 candidato a diputado"},"content":{"rendered":"<p>El entrenador del Bayern Munich, el catal\u00e1n <strong>Pep Guardiola<\/strong>, ha anunciado que ser\u00e1 candidato en las siguientes elecciones de Catalu\u00f1a para el 27 de septiembre, seg\u00fan el eurodiputado Ram\u00f3n Tremosa.<\/p>\n<p>Guardiola no tiene intenci\u00f3n de ejercer su cargo en caso de ganar la elecci\u00f3n, seg\u00fan destacan medios espa\u00f1oles como <em>MARCA<\/em> y <em>El Pa\u00eds<\/em>, pero la &#8220;candidatura simb\u00f3lica&#8221; servir\u00e1 para atraer atenci\u00f3n nacional e internacional al <strong>tema de la posible independencia de Catalu\u00f1a<\/strong>, algo que Pep Guardiola considera es necesario para los ciudadanos de la regi\u00f3n que actualmente se encuentra integrada al gobierno de Espa\u00f1a, seg\u00fan su historial pol\u00edtico.<\/p>\n<p>En el pasado, Pep Guardiola ha dado indicios p\u00fablicos a favor de la independencia de Catalu\u00f1a, y el <strong>9 de noviembre del 2014, viaj\u00f3 a Barcelona en plena temporada de la Bundesliga<\/strong> para votar, as\u00ed como expresar su opini\u00f3n y participar en la consulta ofrecida referente a la independencia de la regi\u00f3n.<\/p>\n<p>&#8220;<strong>Es una excelente noticia<\/strong>. La intenci\u00f3n es hacer una lista muy amplia que represente a la sociedad catalana\u201d, coment\u00f3 ante el hecho Sergi Sabri\u00e1, portavoz de Esquerra Republicana. Actualmente, Pep Guardiola se encuentra haciendo pretemporada con su equipo, el Bayern Munich en China, aunque se prev\u00e9 que participe en el proceso electoral pr\u00f3ximamente.<\/p>\n","protected":false},"excerpt":{"rendered":"<p>El entrenador catal\u00e1n no tiene intenci\u00f3n de ejercer si llegase a ganar<\/p>\n","protected":false},"author":20,"featured_media":294039,"comment_status":"open","ping_status":"open","sticky":false,"template":"","format":"standard","meta":[],"categories":[5419,3839,3844],"tags":[2056,2510],"_links":{"self":[{"href":"http:\/\/desarrollo.grupomedios.com\/futbol\/wp-json\/wp\/v2\/posts\/294694"}],"collection":[{"href":"http:\/\/desarrollo.grupomedios.com\/futbol\/wp-json\/wp\/v2\/posts"}],"about":[{"href":"http:\/\/desarrollo.grupomedios.com\/futbol\/wp-json\/wp\/v2\/types\/post"}],"author":[{"embeddable":true,"href":"http:\/\/desarrollo.grupomedios.com\/futbol\/wp-json\/wp\/v2\/users\/20"}],"replies":[{"embeddable":true,"href":"http:\/\/desarrollo.grupomedios.com\/futbol\/wp-json\/wp\/v2\/comments?post=294694"}],"version-history":[{"count":0,"href":"http:\/\/desarrollo.grupomedios.com\/futbol\/wp-json\/wp\/v2\/posts\/294694\/revisions"}],"wp:featuredmedia":[{"embeddable":true,"href":"http:\/\/desarrollo.grupomedios.com\/futbol\/wp-json\/wp\/v2\/media\/294039"}],"wp:attachment":[{"href":"http:\/\/desarrollo.grupomedios.com\/futbol\/wp-json\/wp\/v2\/media?parent=294694"}],"wp:term":[{"taxonomy":"category","embeddable":true,"href":"http:\/\/desarrollo.grupomedios.com\/futbol\/wp-json\/wp\/v2\/categories?post=294694"},{"taxonomy":"post_tag","embeddable":true,"href":"http:\/\/desarrollo.grupomedios.com\/futbol\/wp-json\/wp\/v2\/tags?post=294694"}],"curies":[{"name":"wp","href":"https:\/\/api.w.org\/{rel}","templated":true}]}}